{"id":989672,"date":"2022-09-05T07:36:50","date_gmt":"2022-09-05T05:36:50","guid":{"rendered":"https:\/\/www.dahora.cz\/?p=989672"},"modified":"2026-02-18T09:35:45","modified_gmt":"2026-02-18T08:35:45","slug":"slavnostni-otevreni-digital-academy-kutna-hora","status":"publish","type":"post","link":"https:\/\/www.dahora.cz\/de\/2022\/09\/05\/slavnostni-otevreni-digital-academy-kutna-hora\/","title":{"rendered":"Er\u00f6ffnungsfeier der Digitalen Akademie Kutn\u00e1 Hora"},"content":{"rendered":"<div data-elementor-type=\"wp-post\" data-elementor-id=\"989672\" class=\"elementor elementor-989672\" data-elementor-post-type=\"post\">\n\t\t\t\t\t\t<section class=\"elementor-section elementor-top-section elementor-element elementor-element-9adfaf5 elementor-section-boxed elementor-section-height-default elementor-section-height-default\" data-id=\"9adfaf5\" data-element_type=\"section\" data-e-type=\"section\">\n\t\t\t\t\t\t<div class=\"elementor-container elementor-column-gap-default\">\n\t\t\t\t\t<div class=\"elementor-column elementor-col-100 elementor-top-column elementor-element elementor-element-b12c344\" data-id=\"b12c344\" data-element_type=\"column\" data-e-type=\"column\">\n\t\t\t<div class=\"elementor-widget-wrap elementor-element-populated\">\n\t\t\t\t\t\t<div class=\"elementor-element elementor-element-4513acd elementor-widget elementor-widget-text-editor\" data-id=\"4513acd\" data-element_type=\"widget\" data-e-type=\"widget\" data-widget_type=\"text-editor.default\">\n\t\t\t\t<div class=\"elementor-widget-container\">\n\t\t\t\t\t\t\t\t\t<p>Wir m\u00f6chten Sie zur Er\u00f6ffnungsfeier des neuen Gymnasiums Digital Academy Kutn\u00e1 Hora einladen, die am Montag, den 12. September 2022 um 10 Uhr stattfinden wird.<br><br>Freuen Sie sich zum Beispiel auf einen Rundgang durch die Schule, eine Pr\u00e4sentation des Ateliers, das Durchschneiden des Bandes, Reden der Schulleitung und der Stadt Kutn\u00e1 Hora, eine Fotoausstellung \u00fcber den Verlauf des Umbaus und vieles mehr.<br><br>Wir freuen uns auf Ihren Besuch!<\/p><p>&nbsp;<br><\/p>\t\t\t\t\t\t\t\t<\/div>\n\t\t\t\t<\/div>\n\t\t\t\t<div class=\"elementor-element elementor-element-2dd9064 elementor-widget elementor-widget-image\" data-id=\"2dd9064\" data-element_type=\"widget\" data-e-type=\"widget\" data-widget_type=\"image.default\">\n\t\t\t\t<div class=\"elementor-widget-container\">\n\t\t\t\t\t\t\t\t\t<div class=\"elementor-image\">\n\t\t\t\t\t\t\t\t\t\t\t\t\t\t\t\t\t\t\t\t\t<img fetchpriority=\"high\" decoding=\"async\" width=\"1024\" height=\"1024\" src=\"https:\/\/www.dahora.cz\/wp-content\/uploads\/2022\/09\/12-pozvanka-na-slavnostni-otevreni-1024x1024.jpg\" class=\"attachment-large size-large wp-image-989674\" alt=\"\" srcset=\"https:\/\/www.dahora.cz\/wp-content\/uploads\/2022\/09\/12-pozvanka-na-slavnostni-otevreni-1024x1024.jpg 1024w, https:\/\/www.dahora.cz\/wp-content\/uploads\/2022\/09\/12-pozvanka-na-slavnostni-otevreni-300x300.jpg 300w, https:\/\/www.dahora.cz\/wp-content\/uploads\/2022\/09\/12-pozvanka-na-slavnostni-otevreni-150x150.jpg 150w, https:\/\/www.dahora.cz\/wp-content\/uploads\/2022\/09\/12-pozvanka-na-slavnostni-otevreni-768x768.jpg 768w, https:\/\/www.dahora.cz\/wp-content\/uploads\/2022\/09\/12-pozvanka-na-slavnostni-otevreni-12x12.jpg 12w, https:\/\/www.dahora.cz\/wp-content\/uploads\/2022\/09\/12-pozvanka-na-slavnostni-otevreni.jpg 1080w\" sizes=\"(max-width: 1024px) 100vw, 1024px\" \/>\t\t\t\t\t\t\t\t\t\t\t\t\t\t\t\t\t\t\t\t\t\t\t\t<\/div>\n\t\t\t\t\t\t\t\t<\/div>\n\t\t\t\t<\/div>\n\t\t\t\t\t<\/div>\n\t\t<\/div>\n\t\t\t\t\t<\/div>\n\t\t<\/section>\n\t\t\t\t<\/div>","protected":false},"excerpt":{"rendered":"<p>Wir m\u00f6chten Sie zur Er\u00f6ffnungsfeier des neuen Gymnasiums Digital Academy Kutn\u00e1 Hora einladen, die am Montag, den 12. September 2022 um 10 Uhr stattfinden wird. Freuen Sie sich zum Beispiel auf einen Rundgang durch die Schule, eine Pr\u00e4sentation des Ateliers, das Durchschneiden des Bandes, Reden der Schulleitung und der Stadt Kutn\u00e1 Hora, eine Fotoausstellung \u00fcber den Verlauf des Umbaus und vieles mehr. Wir freuen uns auf...<\/p>","protected":false},"author":4,"featured_media":989674,"comment_status":"open","ping_status":"open","sticky":false,"template":"","format":"standard","meta":{"footnotes":""},"categories":[1],"tags":[],"class_list":["post-989672","post","type-post","status-publish","format-standard","has-post-thumbnail","hentry","category-nezarazene"],"aioseo_notices":[],"_links":{"self":[{"href":"https:\/\/www.dahora.cz\/de\/wp-json\/wp\/v2\/posts\/989672","targetHints":{"allow":["GET"]}}],"collection":[{"href":"https:\/\/www.dahora.cz\/de\/wp-json\/wp\/v2\/posts"}],"about":[{"href":"https:\/\/www.dahora.cz\/de\/wp-json\/wp\/v2\/types\/post"}],"author":[{"embeddable":true,"href":"https:\/\/www.dahora.cz\/de\/wp-json\/wp\/v2\/users\/4"}],"replies":[{"embeddable":true,"href":"https:\/\/www.dahora.cz\/de\/wp-json\/wp\/v2\/comments?post=989672"}],"version-history":[{"count":0,"href":"https:\/\/www.dahora.cz\/de\/wp-json\/wp\/v2\/posts\/989672\/revisions"}],"wp:featuredmedia":[{"embeddable":true,"href":"https:\/\/www.dahora.cz\/de\/wp-json\/wp\/v2\/media\/989674"}],"wp:attachment":[{"href":"https:\/\/www.dahora.cz\/de\/wp-json\/wp\/v2\/media?parent=989672"}],"wp:term":[{"taxonomy":"category","embeddable":true,"href":"https:\/\/www.dahora.cz\/de\/wp-json\/wp\/v2\/categories?post=989672"},{"taxonomy":"post_tag","embeddable":true,"href":"https:\/\/www.dahora.cz\/de\/wp-json\/wp\/v2\/tags?post=989672"}],"curies":[{"name":"wp","href":"https:\/\/api.w.org\/{rel}","templated":true}]}}