{"id":991972,"date":"2023-09-08T10:27:00","date_gmt":"2023-09-08T08:27:00","guid":{"rendered":"https:\/\/www.dahora.cz\/?p=991972"},"modified":"2026-02-18T12:26:04","modified_gmt":"2026-02-18T11:26:04","slug":"zahajeni-skolniho-roku-2023-2024","status":"publish","type":"post","link":"https:\/\/www.dahora.cz\/de\/2023\/09\/08\/zahajeni-skolniho-roku-2023-2024\/","title":{"rendered":"Beginn des Schuljahres 2023\/2024"},"content":{"rendered":"<div data-elementor-type=\"wp-post\" data-elementor-id=\"991972\" class=\"elementor elementor-991972\" data-elementor-post-type=\"post\">\n\t\t\t\t\t\t<section class=\"elementor-section elementor-top-section elementor-element elementor-element-2770c39 elementor-section-boxed elementor-section-height-default elementor-section-height-default\" data-id=\"2770c39\" data-element_type=\"section\" data-e-type=\"section\">\n\t\t\t\t\t\t<div class=\"elementor-container elementor-column-gap-default\">\n\t\t\t\t\t<div class=\"elementor-column elementor-col-100 elementor-top-column elementor-element elementor-element-9b80991\" data-id=\"9b80991\" data-element_type=\"column\" data-e-type=\"column\">\n\t\t\t<div class=\"elementor-widget-wrap elementor-element-populated\">\n\t\t\t\t\t\t<div class=\"elementor-element elementor-element-ea7afaa elementor-widget elementor-widget-text-editor\" data-id=\"ea7afaa\" data-element_type=\"widget\" data-e-type=\"widget\" data-widget_type=\"text-editor.default\">\n\t\t\t\t<div class=\"elementor-widget-container\">\n\t\t\t\t\t\t\t\t\t<p><span style=\"font-family: Inter, sans-serif; font-size: 18px; font-style: normal; font-variant-ligatures: normal; font-variant-caps: normal; font-weight: 400; letter-spacing: var(--vamtam-primary-font-letter-spacing-desktop,normal); text-transform: var(--vamtam-primary-font-transform,none);\">Aufgrund des enormen Interesses an einem Studium an unserer Schule wurden in diesem Schuljahr sogar 3 erste Klassen mit 79 neuen Sch\u00fclern er\u00f6ffnet. Wir freuen uns sehr \u00fcber diese Tatsache und hei\u00dfen alle neuen Sch\u00fcler an unserer Schule willkommen!!!<\/span><\/p>\n<p><span style=\"font-family: Inter, sans-serif; font-size: 18px; font-style: normal; font-variant-ligatures: normal; font-variant-caps: normal; font-weight: 400; letter-spacing: var(--vamtam-primary-font-letter-spacing-desktop,normal); text-transform: var(--vamtam-primary-font-transform,none);\"><br><\/span><\/p>\n<p>Das neue Schuljahr 2023\/2024 hat am Montag, den 4. September, an unserer Oberschule begonnen. Die Er\u00f6ffnungsfeier fand um 10.00 Uhr vor dem Schulgeb\u00e4ude statt. Danach verteilten sich die Sch\u00fclerinnen und Sch\u00fcler mit ihren Klassenlehrerinnen und -lehrern in ihre Klassen. Es folgte ein individuelles Programm in den Klassenr\u00e4umen, w\u00e4hrend die Sch\u00fcler aller Klassenstufen ein Fotoshooting f\u00fcr das kommende Schuljahrbuch durchf\u00fchrten.&nbsp;<\/p>\n<p>Die gesamte erste Woche des neuen Schuljahres war, insbesondere f\u00fcr die Erstkl\u00e4ssler, etwas hektisch. Gleich am zweiten Schultag, Dienstag, dem 5. September, brachen die Erstkl\u00e4ssler in den fr\u00fchen Morgenstunden zu einem Anpassungskurs auf, von dem sie am Freitag, dem 8. September, zur\u00fcckkehrten. Am Freitag besuchten die Sch\u00fcler des zweiten Jahrgangs unsere Partnerschule, die Business Academy Prague.<\/p>\n<p>In der darauffolgenden Woche findet ein Austausch mit Sch\u00fclern aus der spanischen Stadt Murcia statt, wo unsere Sch\u00fcler im letzten Schuljahr zu Gast waren. In dieser Woche beginnen auch die Wahlf\u00e4cher f\u00fcr die Sch\u00fcler.<\/p>\n<p><\/p>\n<p>Eine ausf\u00fchrliche Fotoreportage vom Anpassungslehrgang der Erstkl\u00e4ssler und dem bevorstehenden Austausch mit spanischen Sch\u00fclern werden wir in den n\u00e4chsten Artikeln bringen.<\/p>\n<p><br><\/p>\t\t\t\t\t\t\t\t<\/div>\n\t\t\t\t<\/div>\n\t\t\t\t<div class=\"elementor-element elementor-element-17eb0fa elementor-widget elementor-widget-image\" data-id=\"17eb0fa\" data-element_type=\"widget\" data-e-type=\"widget\" data-widget_type=\"image.default\">\n\t\t\t\t<div class=\"elementor-widget-container\">\n\t\t\t\t\t\t\t\t\t<div class=\"elementor-image\">\n\t\t\t\t\t\t\t\t\t\t\t\t\t\t\t\t\t\t\t\t\t<img fetchpriority=\"high\" decoding=\"async\" width=\"1024\" height=\"484\" src=\"https:\/\/www.dahora.cz\/wp-content\/uploads\/2023\/09\/Obrazek-WhatsApp-2023-09-05-v-15.02.04-1024x484.jpg\" class=\"attachment-large size-large wp-image-991982\" alt=\"\" srcset=\"https:\/\/www.dahora.cz\/wp-content\/uploads\/2023\/09\/Obrazek-WhatsApp-2023-09-05-v-15.02.04-1024x484.jpg 1024w, https:\/\/www.dahora.cz\/wp-content\/uploads\/2023\/09\/Obrazek-WhatsApp-2023-09-05-v-15.02.04-300x142.jpg 300w, https:\/\/www.dahora.cz\/wp-content\/uploads\/2023\/09\/Obrazek-WhatsApp-2023-09-05-v-15.02.04-768x363.jpg 768w, https:\/\/www.dahora.cz\/wp-content\/uploads\/2023\/09\/Obrazek-WhatsApp-2023-09-05-v-15.02.04-1536x727.jpg 1536w, https:\/\/www.dahora.cz\/wp-content\/uploads\/2023\/09\/Obrazek-WhatsApp-2023-09-05-v-15.02.04-18x9.jpg 18w, https:\/\/www.dahora.cz\/wp-content\/uploads\/2023\/09\/Obrazek-WhatsApp-2023-09-05-v-15.02.04.jpg 1600w\" sizes=\"(max-width: 1024px) 100vw, 1024px\" \/>\t\t\t\t\t\t\t\t\t\t\t\t\t\t\t\t\t\t\t\t\t\t\t\t<\/div>\n\t\t\t\t\t\t\t\t<\/div>\n\t\t\t\t<\/div>\n\t\t\t\t\t<\/div>\n\t\t<\/div>\n\t\t\t\t\t<\/div>\n\t\t<\/section>\n\t\t\t\t<\/div>","protected":false},"excerpt":{"rendered":"<p>Pro enormn\u00ed z\u00e1jem o studium na na\u0161\u00ed \u0161kole byly v tomto \u0161koln\u00edm roce otev\u0159eny dokonce 3 prvn\u00ed ro\u010dn\u00edky, do kter\u00fdch se rozd\u011blilo 79 nov\u00fdch student\u016f. Z t\u00e9to skute\u010dnosti m\u00e1me opravdu velikou radost a v\u0161echny nov\u00e9 studenty u n\u00e1s na \u0161kole t\u00edmto srde\u010dn\u011b v\u00edt\u00e1me!!! Nov\u00fd \u0161koln\u00ed rok 2023\/2024 za\u010dal i na na\u0161\u00ed st\u0159edn\u00ed \u0161kole v pond\u011bl\u00ed&#8230;<\/p>","protected":false},"author":4,"featured_media":991982,"comment_status":"open","ping_status":"open","sticky":false,"template":"","format":"standard","meta":{"footnotes":""},"categories":[1],"tags":[],"class_list":["post-991972","post","type-post","status-publish","format-standard","has-post-thumbnail","hentry","category-nezarazene"],"aioseo_notices":[],"_links":{"self":[{"href":"https:\/\/www.dahora.cz\/de\/wp-json\/wp\/v2\/posts\/991972","targetHints":{"allow":["GET"]}}],"collection":[{"href":"https:\/\/www.dahora.cz\/de\/wp-json\/wp\/v2\/posts"}],"about":[{"href":"https:\/\/www.dahora.cz\/de\/wp-json\/wp\/v2\/types\/post"}],"author":[{"embeddable":true,"href":"https:\/\/www.dahora.cz\/de\/wp-json\/wp\/v2\/users\/4"}],"replies":[{"embeddable":true,"href":"https:\/\/www.dahora.cz\/de\/wp-json\/wp\/v2\/comments?post=991972"}],"version-history":[{"count":0,"href":"https:\/\/www.dahora.cz\/de\/wp-json\/wp\/v2\/posts\/991972\/revisions"}],"wp:featuredmedia":[{"embeddable":true,"href":"https:\/\/www.dahora.cz\/de\/wp-json\/wp\/v2\/media\/991982"}],"wp:attachment":[{"href":"https:\/\/www.dahora.cz\/de\/wp-json\/wp\/v2\/media?parent=991972"}],"wp:term":[{"taxonomy":"category","embeddable":true,"href":"https:\/\/www.dahora.cz\/de\/wp-json\/wp\/v2\/categories?post=991972"},{"taxonomy":"post_tag","embeddable":true,"href":"https:\/\/www.dahora.cz\/de\/wp-json\/wp\/v2\/tags?post=991972"}],"curies":[{"name":"wp","href":"https:\/\/api.w.org\/{rel}","templated":true}]}}