{"id":992652,"date":"2023-12-04T12:04:26","date_gmt":"2023-12-04T11:04:26","guid":{"rendered":"https:\/\/www.dahora.cz\/?p=992652"},"modified":"2026-02-18T19:04:59","modified_gmt":"2026-02-18T18:04:59","slug":"den-otevrenych-dveri-ve-stredu-6-prosince-2023","status":"publish","type":"post","link":"https:\/\/www.dahora.cz\/de\/2023\/12\/04\/den-otevrenych-dveri-ve-stredu-6-prosince-2023\/","title":{"rendered":"Tag der offenen T\u00fcr am Mittwoch, 6. Dezember 2023"},"content":{"rendered":"<div data-elementor-type=\"wp-post\" data-elementor-id=\"992652\" class=\"elementor elementor-992652\" data-elementor-post-type=\"post\">\n\t\t\t\t\t\t<section class=\"elementor-section elementor-top-section elementor-element elementor-element-d10bd71 elementor-section-boxed elementor-section-height-default elementor-section-height-default\" data-id=\"d10bd71\" data-element_type=\"section\" data-e-type=\"section\">\n\t\t\t\t\t\t<div class=\"elementor-container elementor-column-gap-default\">\n\t\t\t\t\t<div class=\"elementor-column elementor-col-100 elementor-top-column elementor-element elementor-element-ea00cc6\" data-id=\"ea00cc6\" data-element_type=\"column\" data-e-type=\"column\">\n\t\t\t<div class=\"elementor-widget-wrap elementor-element-populated\">\n\t\t\t\t\t\t<div class=\"elementor-element elementor-element-17005c5 elementor-widget elementor-widget-text-editor\" data-id=\"17005c5\" data-element_type=\"widget\" data-e-type=\"widget\" data-widget_type=\"text-editor.default\">\n\t\t\t\t<div class=\"elementor-widget-container\">\n\t\t\t\t\t\t\t\t\t<p><span style=\"font-family: Inter, sans-serif; font-size: 18px; font-style: normal; font-variant-ligatures: normal; font-variant-caps: normal; font-weight: 400;\">Wir laden alle herzlich ein zu <\/span><span style=\"font-family: Inter, sans-serif; font-size: 18px; font-style: normal; font-variant-ligatures: normal; font-variant-caps: normal;\"><b>Tag der offenen T\u00fcr<\/b><\/span><span style=\"font-family: Inter, sans-serif; font-size: 18px; font-style: normal; font-variant-ligatures: normal; font-variant-caps: normal; font-weight: 400;\">die an diesem Mittwoch stattfinden wird <\/span><span style=\"font-family: Inter, sans-serif; font-size: 18px; font-style: normal; font-variant-ligatures: normal; font-variant-caps: normal;\"><b>6. Dezember<\/b><\/span><span style=\"font-family: Inter, sans-serif; font-size: 18px; font-style: normal; font-variant-ligatures: normal; font-variant-caps: normal; font-weight: 400;\"> 2023: Die Veranstaltung findet von 8.00 bis 18.00 Uhr im Schulgeb\u00e4ude statt.\u00a0<\/span><span style=\"font-style: normal; font-variant-ligatures: normal; font-variant-caps: normal; font-weight: 400; font-size: 18px; font-family: Inter, sans-serif; letter-spacing: var(--vamtam-primary-font-letter-spacing-desktop,normal); text-transform: var(--vamtam-primary-font-transform,none);\">in Pod \u0160kolou 167, 284 01 Kutn\u00e1 Hora - Mal\u00edn.<\/span><\/p><p><span style=\"font-style: normal; font-variant-ligatures: normal; font-variant-caps: normal; font-weight: 400; font-size: 18px; font-family: Inter, sans-serif; letter-spacing: var(--vamtam-primary-font-letter-spacing-desktop,normal); text-transform: var(--vamtam-primary-font-transform,none);\">Am Donnerstag <\/span><span style=\"font-style: normal; font-variant-ligatures: normal; font-variant-caps: normal; font-size: 18px; font-family: Inter, sans-serif; letter-spacing: var(--vamtam-primary-font-letter-spacing-desktop,normal); text-transform: var(--vamtam-primary-font-transform,none);\"><b>7. Dezember<\/b><\/span><span style=\"font-style: normal; font-variant-ligatures: normal; font-variant-caps: normal; font-weight: 400; font-size: 18px; font-family: Inter, sans-serif; letter-spacing: var(--vamtam-primary-font-letter-spacing-desktop,normal); text-transform: var(--vamtam-primary-font-transform,none);\"> Sie k\u00f6nnen auch an der Veranstaltung teilnehmen <\/span><span style=\"font-style: normal; font-variant-ligatures: normal; font-variant-caps: normal; font-size: 18px; font-family: Inter, sans-serif; letter-spacing: var(--vamtam-primary-font-letter-spacing-desktop,normal); text-transform: var(--vamtam-primary-font-transform,none);\"><b>Werden Sie f\u00fcr einen Tag zum Highschool-Sch\u00fcler<\/b><\/span><span style=\"font-style: normal; font-variant-ligatures: normal; font-variant-caps: normal; font-weight: 400; font-size: 18px; font-family: Inter, sans-serif; letter-spacing: var(--vamtam-primary-font-letter-spacing-desktop,normal); text-transform: var(--vamtam-primary-font-transform,none);\">.\u00a0<\/span><span style=\"font-family: Inter, sans-serif; font-size: 18px; font-style: normal; font-variant-ligatures: normal; font-variant-caps: normal; font-weight: 400; letter-spacing: var(--vamtam-primary-font-letter-spacing-desktop,normal); text-transform: var(--vamtam-primary-font-transform,none);\">Dank der Veranstaltung k\u00f6nnen Sie selbst sehen und erleben, wie ein normaler Schultag eines Sch\u00fclers an unserer Schule aussieht.<\/span><\/p><p style=\"font-style: normal; font-variant-ligatures: normal; font-variant-caps: normal; font-weight: 400; font-size: 18px; font-family: Inter, sans-serif;\">Sie k\u00f6nnen Ihren Termin buchen, indem Sie sich per E-Mail an die Studienabteilung wenden: <a href=\"mailto:lucie.malkova@dahora.cz\">lucie.malkova@dahora.cz<\/a>\u00a0oder wir sind jederzeit nach telefonischer Absprache unter Tel.: 725 564 018 erreichbar.\u00a0<\/p><p style=\"font-style: normal; font-variant-ligatures: normal; font-variant-caps: normal; font-weight: 400; font-size: 18px; font-family: Inter, sans-serif;\">Wir freuen uns auf Ihren Besuch.<\/p>\t\t\t\t\t\t\t\t<\/div>\n\t\t\t\t<\/div>\n\t\t\t\t<div class=\"elementor-element elementor-element-6850024 elementor-widget elementor-widget-image\" data-id=\"6850024\" data-element_type=\"widget\" data-e-type=\"widget\" data-widget_type=\"image.default\">\n\t\t\t\t<div class=\"elementor-widget-container\">\n\t\t\t\t\t\t\t\t\t<div class=\"elementor-image\">\n\t\t\t\t\t\t\t\t\t\t\t\t\t\t\t\t\t\t\t\t\t<img fetchpriority=\"high\" decoding=\"async\" width=\"1024\" height=\"1024\" src=\"https:\/\/www.dahora.cz\/wp-content\/uploads\/2023\/12\/dod-a-ssnds-prosinec-2023-1-1024x1024.jpg\" class=\"attachment-large size-large wp-image-992658\" alt=\"\" srcset=\"https:\/\/www.dahora.cz\/wp-content\/uploads\/2023\/12\/dod-a-ssnds-prosinec-2023-1-1024x1024.jpg 1024w, https:\/\/www.dahora.cz\/wp-content\/uploads\/2023\/12\/dod-a-ssnds-prosinec-2023-1-300x300.jpg 300w, https:\/\/www.dahora.cz\/wp-content\/uploads\/2023\/12\/dod-a-ssnds-prosinec-2023-1-150x150.jpg 150w, https:\/\/www.dahora.cz\/wp-content\/uploads\/2023\/12\/dod-a-ssnds-prosinec-2023-1-768x768.jpg 768w, https:\/\/www.dahora.cz\/wp-content\/uploads\/2023\/12\/dod-a-ssnds-prosinec-2023-1-12x12.jpg 12w, https:\/\/www.dahora.cz\/wp-content\/uploads\/2023\/12\/dod-a-ssnds-prosinec-2023-1.jpg 1080w\" sizes=\"(max-width: 1024px) 100vw, 1024px\" \/>\t\t\t\t\t\t\t\t\t\t\t\t\t\t\t\t\t\t\t\t\t\t\t\t<\/div>\n\t\t\t\t\t\t\t\t<\/div>\n\t\t\t\t<\/div>\n\t\t\t\t\t<\/div>\n\t\t<\/div>\n\t\t\t\t\t<\/div>\n\t\t<\/section>\n\t\t\t\t<\/div>","protected":false},"excerpt":{"rendered":"<p>Srde\u010dn\u011b v\u0161echny zveme na Den otev\u0159en\u00fdch dve\u0159\u00ed, kter\u00fd se bude konat ji\u017e tuto st\u0159edu 6. prosince 2023. Akce bude prob\u00edhat od 8.00 do 18.00 v budov\u011b \u0161koly\u00a0na adrese Pod \u0160kolou 167, 284 01 Kutn\u00e1 Hora \u2013 Mal\u00edn. Ve \u010dtvrtek 7. prosince se nav\u00edc m\u016f\u017eete \u00fa\u010dastnit akce Sta\u0148 se na den st\u0159edo\u0161kol\u00e1kem.\u00a0D\u00edky akci se pod\u00edv\u00e1te a&#8230;<\/p>","protected":false},"author":4,"featured_media":992658,"comment_status":"open","ping_status":"open","sticky":false,"template":"","format":"standard","meta":{"footnotes":""},"categories":[1],"tags":[],"class_list":["post-992652","post","type-post","status-publish","format-standard","has-post-thumbnail","hentry","category-nezarazene"],"aioseo_notices":[],"_links":{"self":[{"href":"https:\/\/www.dahora.cz\/de\/wp-json\/wp\/v2\/posts\/992652","targetHints":{"allow":["GET"]}}],"collection":[{"href":"https:\/\/www.dahora.cz\/de\/wp-json\/wp\/v2\/posts"}],"about":[{"href":"https:\/\/www.dahora.cz\/de\/wp-json\/wp\/v2\/types\/post"}],"author":[{"embeddable":true,"href":"https:\/\/www.dahora.cz\/de\/wp-json\/wp\/v2\/users\/4"}],"replies":[{"embeddable":true,"href":"https:\/\/www.dahora.cz\/de\/wp-json\/wp\/v2\/comments?post=992652"}],"version-history":[{"count":0,"href":"https:\/\/www.dahora.cz\/de\/wp-json\/wp\/v2\/posts\/992652\/revisions"}],"wp:featuredmedia":[{"embeddable":true,"href":"https:\/\/www.dahora.cz\/de\/wp-json\/wp\/v2\/media\/992658"}],"wp:attachment":[{"href":"https:\/\/www.dahora.cz\/de\/wp-json\/wp\/v2\/media?parent=992652"}],"wp:term":[{"taxonomy":"category","embeddable":true,"href":"https:\/\/www.dahora.cz\/de\/wp-json\/wp\/v2\/categories?post=992652"},{"taxonomy":"post_tag","embeddable":true,"href":"https:\/\/www.dahora.cz\/de\/wp-json\/wp\/v2\/tags?post=992652"}],"curies":[{"name":"wp","href":"https:\/\/api.w.org\/{rel}","templated":true}]}}