{"id":995338,"date":"2024-06-24T08:42:43","date_gmt":"2024-06-24T06:42:43","guid":{"rendered":"https:\/\/www.dahora.cz\/?p=995338"},"modified":"2026-02-18T19:51:05","modified_gmt":"2026-02-18T18:51:05","slug":"gastronomicka-hodiny-francouzskeho-jazyka","status":"publish","type":"post","link":"https:\/\/www.dahora.cz\/de\/2024\/06\/24\/gastronomicka-hodiny-francouzskeho-jazyka\/","title":{"rendered":"Gastronomischer Franz\u00f6sischunterricht"},"content":{"rendered":"<div data-elementor-type=\"wp-post\" data-elementor-id=\"995338\" class=\"elementor elementor-995338\" data-elementor-post-type=\"post\">\n\t\t\t\t\t\t<section class=\"elementor-section elementor-top-section elementor-element elementor-element-24833cb elementor-section-boxed elementor-section-height-default elementor-section-height-default\" data-id=\"24833cb\" data-element_type=\"section\" data-e-type=\"section\">\n\t\t\t\t\t\t<div class=\"elementor-container elementor-column-gap-default\">\n\t\t\t\t\t<div class=\"elementor-column elementor-col-100 elementor-top-column elementor-element elementor-element-0fb28c7\" data-id=\"0fb28c7\" data-element_type=\"column\" data-e-type=\"column\">\n\t\t\t<div class=\"elementor-widget-wrap elementor-element-populated\">\n\t\t\t\t\t\t<div class=\"elementor-element elementor-element-1a8898e elementor-widget elementor-widget-text-editor\" data-id=\"1a8898e\" data-element_type=\"widget\" data-e-type=\"widget\" data-widget_type=\"text-editor.default\">\n\t\t\t\t<div class=\"elementor-widget-container\">\n\t\t\t\t\t\t\t\t\t<p><span style=\"white-space-collapse: preserve;\">Letzte Franz\u00f6sischstunde <\/span><span style=\"white-space-collapse: preserve;\">in diesem Schuljahr, die letzte Woche stattfand, stand ganz im Zeichen der \u00dcberraschung. Die Lehrerin bereitete eine gastronomische \u00dcberraschung vor, um sich von den Sch\u00fclern zu verabschieden. <\/span><br \/><br \/><span style=\"white-space-collapse: preserve;\">Die Sch\u00fclerinnen und Sch\u00fcler der Digital Academy High School hatten die M\u00f6glichkeit, lokale franz\u00f6sische Spezialit\u00e4ten zu probieren und dabei zu erraten, aus welcher Region Frankreichs die Spezialit\u00e4t stammt. <\/span><span style=\"cursor: default; background-image: url('https:\/\/static.xx.fbcdn.net\/images\/emoji.php\/v9\/tb2\/1\/16\/1f956.png'); background-size: 16px 16px; white-space-collapse: preserve;\" data-testid=\"emoji\">\ud83e\udd56<\/span><span style=\"cursor: default; background-image: url('https:\/\/static.xx.fbcdn.net\/images\/emoji.php\/v9\/t3e\/1\/16\/1f9c0.png'); background-size: 16px 16px; white-space-collapse: preserve;\" data-testid=\"emoji\">\ud83e\uddc0<\/span><br \/><br \/><span style=\"white-space-collapse: preserve;\">Und ja, Sie sehen richtig, auf einem der Fotos ist eine Schnecke zu sehen!!! <\/span><span style=\"cursor: default; background-image: url('https:\/\/static.xx.fbcdn.net\/images\/emoji.php\/v9\/tff\/1\/16\/1f40c.png'); background-size: 16px 16px; white-space-collapse: preserve;\" data-testid=\"emoji\">\ud83d\udc0c<\/span><span style=\"cursor: default; background-image: url('https:\/\/static.xx.fbcdn.net\/images\/emoji.php\/v9\/ta1\/1\/16\/1f61d.png'); background-size: 16px 16px; white-space-collapse: preserve;\" data-testid=\"emoji\">\ud83d\ude1d<\/span><\/p><p><span style=\"cursor: default; background-image: url('https:\/\/static.xx.fbcdn.net\/images\/emoji.php\/v9\/ta1\/1\/16\/1f61d.png'); background-size: 16px 16px; white-space-collapse: preserve;\" data-testid=\"emoji\">\u00a0<\/span><\/p>\t\t\t\t\t\t\t\t<\/div>\n\t\t\t\t<\/div>\n\t\t\t\t<div class=\"elementor-element elementor-element-60f2426 elementor-widget elementor-widget-image\" data-id=\"60f2426\" data-element_type=\"widget\" data-e-type=\"widget\" data-widget_type=\"image.default\">\n\t\t\t\t<div class=\"elementor-widget-container\">\n\t\t\t\t\t\t\t\t\t<div class=\"elementor-image\">\n\t\t\t\t\t\t\t\t\t\t\t\t\t\t\t\t\t\t\t\t\t<img fetchpriority=\"high\" decoding=\"async\" width=\"768\" height=\"1024\" src=\"https:\/\/www.dahora.cz\/wp-content\/uploads\/2024\/06\/gastronomicka-hodina-francouzskeho-jazyka-01-768x1024.jpg\" class=\"attachment-large size-large wp-image-995340\" alt=\"\" srcset=\"https:\/\/www.dahora.cz\/wp-content\/uploads\/2024\/06\/gastronomicka-hodina-francouzskeho-jazyka-01-768x1024.jpg 768w, https:\/\/www.dahora.cz\/wp-content\/uploads\/2024\/06\/gastronomicka-hodina-francouzskeho-jazyka-01-225x300.jpg 225w, https:\/\/www.dahora.cz\/wp-content\/uploads\/2024\/06\/gastronomicka-hodina-francouzskeho-jazyka-01-9x12.avif 9w, https:\/\/www.dahora.cz\/wp-content\/uploads\/2024\/06\/gastronomicka-hodina-francouzskeho-jazyka-01.jpg 810w\" sizes=\"(max-width: 768px) 100vw, 768px\" \/>\t\t\t\t\t\t\t\t\t\t\t\t\t\t\t\t\t\t\t\t\t\t\t\t<\/div>\n\t\t\t\t\t\t\t\t<\/div>\n\t\t\t\t<\/div>\n\t\t\t\t<div class=\"elementor-element elementor-element-e62f206 elementor-widget elementor-widget-image\" data-id=\"e62f206\" data-element_type=\"widget\" data-e-type=\"widget\" data-widget_type=\"image.default\">\n\t\t\t\t<div class=\"elementor-widget-container\">\n\t\t\t\t\t\t\t\t\t<div class=\"elementor-image\">\n\t\t\t\t\t\t\t\t\t\t\t\t\t\t\t\t\t\t\t\t\t<img decoding=\"async\" width=\"768\" height=\"1024\" src=\"https:\/\/www.dahora.cz\/wp-content\/uploads\/2024\/06\/gastronomicka-hodina-francouzskeho-jazyka-02-768x1024.jpg\" class=\"attachment-large size-large wp-image-995341\" alt=\"\" srcset=\"https:\/\/www.dahora.cz\/wp-content\/uploads\/2024\/06\/gastronomicka-hodina-francouzskeho-jazyka-02-768x1024.jpg 768w, https:\/\/www.dahora.cz\/wp-content\/uploads\/2024\/06\/gastronomicka-hodina-francouzskeho-jazyka-02-225x300.jpg 225w, https:\/\/www.dahora.cz\/wp-content\/uploads\/2024\/06\/gastronomicka-hodina-francouzskeho-jazyka-02-9x12.avif 9w, https:\/\/www.dahora.cz\/wp-content\/uploads\/2024\/06\/gastronomicka-hodina-francouzskeho-jazyka-02.jpg 810w\" sizes=\"(max-width: 768px) 100vw, 768px\" \/>\t\t\t\t\t\t\t\t\t\t\t\t\t\t\t\t\t\t\t\t\t\t\t\t<\/div>\n\t\t\t\t\t\t\t\t<\/div>\n\t\t\t\t<\/div>\n\t\t\t\t<div class=\"elementor-element elementor-element-d8f60be elementor-widget elementor-widget-image\" data-id=\"d8f60be\" data-element_type=\"widget\" data-e-type=\"widget\" data-widget_type=\"image.default\">\n\t\t\t\t<div class=\"elementor-widget-container\">\n\t\t\t\t\t\t\t\t\t<div class=\"elementor-image\">\n\t\t\t\t\t\t\t\t\t\t\t\t\t\t\t\t\t\t\t\t\t<img decoding=\"async\" width=\"768\" height=\"1024\" src=\"https:\/\/www.dahora.cz\/wp-content\/uploads\/2024\/06\/gastronomicka-hodina-francouzskeho-jazyka-03-768x1024.jpg\" class=\"attachment-large size-large wp-image-995342\" alt=\"\" srcset=\"https:\/\/www.dahora.cz\/wp-content\/uploads\/2024\/06\/gastronomicka-hodina-francouzskeho-jazyka-03-768x1024.jpg 768w, https:\/\/www.dahora.cz\/wp-content\/uploads\/2024\/06\/gastronomicka-hodina-francouzskeho-jazyka-03-225x300.jpg 225w, https:\/\/www.dahora.cz\/wp-content\/uploads\/2024\/06\/gastronomicka-hodina-francouzskeho-jazyka-03-9x12.avif 9w, https:\/\/www.dahora.cz\/wp-content\/uploads\/2024\/06\/gastronomicka-hodina-francouzskeho-jazyka-03.jpg 810w\" sizes=\"(max-width: 768px) 100vw, 768px\" \/>\t\t\t\t\t\t\t\t\t\t\t\t\t\t\t\t\t\t\t\t\t\t\t\t<\/div>\n\t\t\t\t\t\t\t\t<\/div>\n\t\t\t\t<\/div>\n\t\t\t\t<div class=\"elementor-element elementor-element-8f04f08 elementor-widget elementor-widget-image\" data-id=\"8f04f08\" data-element_type=\"widget\" data-e-type=\"widget\" data-widget_type=\"image.default\">\n\t\t\t\t<div class=\"elementor-widget-container\">\n\t\t\t\t\t\t\t\t\t<div class=\"elementor-image\">\n\t\t\t\t\t\t\t\t\t\t\t\t\t\t\t\t\t\t\t\t\t<img loading=\"lazy\" decoding=\"async\" width=\"768\" height=\"1024\" src=\"https:\/\/www.dahora.cz\/wp-content\/uploads\/2024\/06\/gastronomicka-hodina-francouzskeho-jazyka-04-768x1024.jpg\" class=\"attachment-large size-large wp-image-995343\" alt=\"\" srcset=\"https:\/\/www.dahora.cz\/wp-content\/uploads\/2024\/06\/gastronomicka-hodina-francouzskeho-jazyka-04-768x1024.jpg 768w, https:\/\/www.dahora.cz\/wp-content\/uploads\/2024\/06\/gastronomicka-hodina-francouzskeho-jazyka-04-225x300.jpg 225w, https:\/\/www.dahora.cz\/wp-content\/uploads\/2024\/06\/gastronomicka-hodina-francouzskeho-jazyka-04-9x12.avif 9w, https:\/\/www.dahora.cz\/wp-content\/uploads\/2024\/06\/gastronomicka-hodina-francouzskeho-jazyka-04.jpg 810w\" sizes=\"(max-width: 768px) 100vw, 768px\" \/>\t\t\t\t\t\t\t\t\t\t\t\t\t\t\t\t\t\t\t\t\t\t\t\t<\/div>\n\t\t\t\t\t\t\t\t<\/div>\n\t\t\t\t<\/div>\n\t\t\t\t<div class=\"elementor-element elementor-element-5a4f55a elementor-widget elementor-widget-image\" data-id=\"5a4f55a\" data-element_type=\"widget\" data-e-type=\"widget\" data-widget_type=\"image.default\">\n\t\t\t\t<div class=\"elementor-widget-container\">\n\t\t\t\t\t\t\t\t\t<div class=\"elementor-image\">\n\t\t\t\t\t\t\t\t\t\t\t\t\t\t\t\t\t\t\t\t\t<img loading=\"lazy\" decoding=\"async\" width=\"768\" height=\"1024\" src=\"https:\/\/www.dahora.cz\/wp-content\/uploads\/2024\/06\/gastronomicka-hodina-francouzskeho-jazyka-05-768x1024.jpg\" class=\"attachment-large size-large wp-image-995344\" alt=\"\" srcset=\"https:\/\/www.dahora.cz\/wp-content\/uploads\/2024\/06\/gastronomicka-hodina-francouzskeho-jazyka-05-768x1024.jpg 768w, https:\/\/www.dahora.cz\/wp-content\/uploads\/2024\/06\/gastronomicka-hodina-francouzskeho-jazyka-05-225x300.jpg 225w, https:\/\/www.dahora.cz\/wp-content\/uploads\/2024\/06\/gastronomicka-hodina-francouzskeho-jazyka-05-9x12.avif 9w, https:\/\/www.dahora.cz\/wp-content\/uploads\/2024\/06\/gastronomicka-hodina-francouzskeho-jazyka-05.jpg 810w\" sizes=\"(max-width: 768px) 100vw, 768px\" \/>\t\t\t\t\t\t\t\t\t\t\t\t\t\t\t\t\t\t\t\t\t\t\t\t<\/div>\n\t\t\t\t\t\t\t\t<\/div>\n\t\t\t\t<\/div>\n\t\t\t\t<div class=\"elementor-element elementor-element-79e9053 elementor-widget elementor-widget-image\" data-id=\"79e9053\" data-element_type=\"widget\" data-e-type=\"widget\" data-widget_type=\"image.default\">\n\t\t\t\t<div class=\"elementor-widget-container\">\n\t\t\t\t\t\t\t\t\t<div class=\"elementor-image\">\n\t\t\t\t\t\t\t\t\t\t\t\t\t\t\t\t\t\t\t\t\t<img loading=\"lazy\" decoding=\"async\" width=\"1024\" height=\"768\" src=\"https:\/\/www.dahora.cz\/wp-content\/uploads\/2024\/06\/gastronomicka-hodina-francouzskeho-jazyka-06-1024x768.jpg\" class=\"attachment-large size-large wp-image-995345\" alt=\"\" srcset=\"https:\/\/www.dahora.cz\/wp-content\/uploads\/2024\/06\/gastronomicka-hodina-francouzskeho-jazyka-06-1024x768.jpg 1024w, https:\/\/www.dahora.cz\/wp-content\/uploads\/2024\/06\/gastronomicka-hodina-francouzskeho-jazyka-06-300x225.jpg 300w, https:\/\/www.dahora.cz\/wp-content\/uploads\/2024\/06\/gastronomicka-hodina-francouzskeho-jazyka-06-768x576.jpg 768w, https:\/\/www.dahora.cz\/wp-content\/uploads\/2024\/06\/gastronomicka-hodina-francouzskeho-jazyka-06-16x12.avif 16w, https:\/\/www.dahora.cz\/wp-content\/uploads\/2024\/06\/gastronomicka-hodina-francouzskeho-jazyka-06.jpg 1080w\" sizes=\"(max-width: 1024px) 100vw, 1024px\" \/>\t\t\t\t\t\t\t\t\t\t\t\t\t\t\t\t\t\t\t\t\t\t\t\t<\/div>\n\t\t\t\t\t\t\t\t<\/div>\n\t\t\t\t<\/div>\n\t\t\t\t\t<\/div>\n\t\t<\/div>\n\t\t\t\t\t<\/div>\n\t\t<\/section>\n\t\t\t\t<\/div>","protected":false},"excerpt":{"rendered":"<p>Die letzte Franz\u00f6sischstunde in diesem Schuljahr, die letzte Woche stattfand, war eine \u00dcberraschung. Die Lehrerin bereitete eine gastronomische \u00dcberraschung vor, um sich von den Sch\u00fclern zu verabschieden. Die Sch\u00fcler der Digital Academy High School hatten die Gelegenheit, lokale franz\u00f6sische Spezialit\u00e4ten zu probieren und zu erraten, aus welcher Region Frankreichs die Spezialit\u00e4t stammt. \ud83e\udd56\ud83e\uddc0 Und ja, Sie sehen...<\/p>","protected":false},"author":4,"featured_media":995345,"comment_status":"open","ping_status":"open","sticky":false,"template":"","format":"standard","meta":{"footnotes":""},"categories":[1],"tags":[],"class_list":["post-995338","post","type-post","status-publish","format-standard","has-post-thumbnail","hentry","category-nezarazene"],"aioseo_notices":[],"aioseo_head":"\n\t\t<!-- All in One SEO 5.0.0.1 - aioseo.com -->\n\t<meta name=\"description\" content=\"Posledn\u00ed hodina francouzsk\u00e9ho jazyka v leto\u0161n\u00edm \u0161koln\u00edm roce, kter\u00e1 se konala minul\u00fd t\u00fdden, se nesla v duchu p\u0159ekvapen\u00ed. Pan\u00ed u\u010ditelka si na rozlou\u010den\u00ed s \u017e\u00e1ky p\u0159ipravila gastronomick\u00e9 p\u0159ekvapen\u00ed. Studenti st\u0159edn\u00ed \u0161koly Digital Academy m\u011bli mo\u017enost ochutnat lok\u00e1ln\u00ed francouzsk\u00e9 speciality a z\u00e1rove\u0148 se pokou\u0161eli uhodnout, z jak\u00e9ho regionu Francie dan\u00e1 specialita poch\u00e1z\u00ed. \ud83e\udd56\ud83e\uddc0 A ano vid\u00edte\" \/>\n\t<meta name=\"robots\" content=\"max-image-preview:large\" \/>\n\t<meta name=\"author\" content=\"Ji\u0159\u00ed Brda\"\/>\n\t<link rel=\"canonical\" href=\"https:\/\/www.dahora.cz\/de\/2024\/06\/24\/gastronomicka-hodiny-francouzskeho-jazyka\/\" \/>\n\t<meta name=\"generator\" content=\"All in One SEO (AIOSEO) 5.0.0.1\" \/>\n\t\t<meta property=\"og:locale\" content=\"de_DE\" \/>\n\t\t<meta property=\"og:site_name\" content=\"Digital Academy Kutn\u00e1 Hora - Digital Academy Kutn\u00e1 Hora\" \/>\n\t\t<meta property=\"og:type\" content=\"article\" \/>\n\t\t<meta property=\"og:title\" content=\"Gastronomick\u00e1 hodiny francouzsk\u00e9ho jazyka - Digital Academy Kutn\u00e1 Hora\" \/>\n\t\t<meta property=\"og:description\" content=\"Posledn\u00ed hodina francouzsk\u00e9ho jazyka v leto\u0161n\u00edm \u0161koln\u00edm roce, kter\u00e1 se konala minul\u00fd t\u00fdden, se nesla v duchu p\u0159ekvapen\u00ed. Pan\u00ed u\u010ditelka si na rozlou\u010den\u00ed s \u017e\u00e1ky p\u0159ipravila gastronomick\u00e9 p\u0159ekvapen\u00ed. Studenti st\u0159edn\u00ed \u0161koly Digital Academy m\u011bli mo\u017enost ochutnat lok\u00e1ln\u00ed francouzsk\u00e9 speciality a z\u00e1rove\u0148 se pokou\u0161eli uhodnout, z jak\u00e9ho regionu Francie dan\u00e1 specialita poch\u00e1z\u00ed. \ud83e\udd56\ud83e\uddc0 A ano vid\u00edte\" \/>\n\t\t<meta property=\"og:url\" content=\"https:\/\/www.dahora.cz\/de\/2024\/06\/24\/gastronomicka-hodiny-francouzskeho-jazyka\/\" \/>\n\t\t<meta property=\"og:image\" content=\"https:\/\/www.dahora.cz\/wp-content\/uploads\/2020\/02\/logo-digital-academy-kutna-hora-03.png\" \/>\n\t\t<meta property=\"og:image:secure_url\" content=\"https:\/\/www.dahora.cz\/wp-content\/uploads\/2020\/02\/logo-digital-academy-kutna-hora-03.png\" \/>\n\t\t<meta property=\"og:image:width\" content=\"278\" \/>\n\t\t<meta property=\"og:image:height\" content=\"92\" \/>\n\t\t<meta property=\"article:published_time\" content=\"2024-06-24T06:42:43+00:00\" \/>\n\t\t<meta property=\"article:modified_time\" content=\"2026-02-18T18:51:05+00:00\" \/>\n\t\t<meta name=\"twitter:card\" content=\"summary\" \/>\n\t\t<meta name=\"twitter:title\" content=\"Gastronomick\u00e1 hodiny francouzsk\u00e9ho jazyka - Digital Academy Kutn\u00e1 Hora\" \/>\n\t\t<meta name=\"twitter:description\" content=\"Posledn\u00ed hodina francouzsk\u00e9ho jazyka v leto\u0161n\u00edm \u0161koln\u00edm roce, kter\u00e1 se konala minul\u00fd t\u00fdden, se nesla v duchu p\u0159ekvapen\u00ed. Pan\u00ed u\u010ditelka si na rozlou\u010den\u00ed s \u017e\u00e1ky p\u0159ipravila gastronomick\u00e9 p\u0159ekvapen\u00ed. Studenti st\u0159edn\u00ed \u0161koly Digital Academy m\u011bli mo\u017enost ochutnat lok\u00e1ln\u00ed francouzsk\u00e9 speciality a z\u00e1rove\u0148 se pokou\u0161eli uhodnout, z jak\u00e9ho regionu Francie dan\u00e1 specialita poch\u00e1z\u00ed. \ud83e\udd56\ud83e\uddc0 A ano vid\u00edte\" \/>\n\t\t<meta name=\"twitter:image\" content=\"https:\/\/www.dahora.cz\/wp-content\/uploads\/2020\/02\/logo-digital-academy-kutna-hora-03.png\" \/>\n\t\t<script type=\"application\/ld+json\" class=\"aioseo-schema\">\n\t\t\t{\"@context\":\"https:\\\/\\\/schema.org\",\"@graph\":[{\"@type\":\"BlogPosting\",\"@id\":\"https:\\\/\\\/www.dahora.cz\\\/de\\\/2024\\\/06\\\/24\\\/gastronomicka-hodiny-francouzskeho-jazyka\\\/#blogposting\",\"name\":\"Gastronomick\\u00e1 hodiny francouzsk\\u00e9ho jazyka - Digital Academy Kutn\\u00e1 Hora\",\"headline\":\"Gastronomick\\u00e1 hodiny francouzsk\\u00e9ho jazyka\",\"author\":{\"@id\":\"https:\\\/\\\/www.dahora.cz\\\/de\\\/author\\\/dahorajb\\\/#author\"},\"publisher\":{\"@id\":\"https:\\\/\\\/www.dahora.cz\\\/de\\\/#organization\"},\"image\":{\"@type\":\"ImageObject\",\"url\":\"https:\\\/\\\/www.dahora.cz\\\/wp-content\\\/uploads\\\/2024\\\/06\\\/gastronomicka-hodina-francouzskeho-jazyka-06.jpg\",\"width\":1080,\"height\":810},\"datePublished\":\"2024-06-24T08:42:43+02:00\",\"dateModified\":\"2026-02-18T19:51:05+01:00\",\"inLanguage\":\"de-DE\",\"mainEntityOfPage\":{\"@id\":\"https:\\\/\\\/www.dahora.cz\\\/de\\\/2024\\\/06\\\/24\\\/gastronomicka-hodiny-francouzskeho-jazyka\\\/#webpage\"},\"isPartOf\":{\"@id\":\"https:\\\/\\\/www.dahora.cz\\\/de\\\/2024\\\/06\\\/24\\\/gastronomicka-hodiny-francouzskeho-jazyka\\\/#webpage\"},\"articleSection\":\"Novinky\"},{\"@type\":\"BreadcrumbList\",\"@id\":\"https:\\\/\\\/www.dahora.cz\\\/de\\\/2024\\\/06\\\/24\\\/gastronomicka-hodiny-francouzskeho-jazyka\\\/#breadcrumblist\",\"itemListElement\":[{\"@type\":\"ListItem\",\"@id\":\"https:\\\/\\\/www.dahora.cz\\\/de#listItem\",\"position\":1,\"name\":\"Home\",\"item\":\"https:\\\/\\\/www.dahora.cz\\\/de\",\"nextItem\":{\"@type\":\"ListItem\",\"@id\":\"https:\\\/\\\/www.dahora.cz\\\/de\\\/category\\\/nezarazene\\\/#listItem\",\"name\":\"Novinky\"}},{\"@type\":\"ListItem\",\"@id\":\"https:\\\/\\\/www.dahora.cz\\\/de\\\/category\\\/nezarazene\\\/#listItem\",\"position\":2,\"name\":\"Novinky\",\"item\":\"https:\\\/\\\/www.dahora.cz\\\/de\\\/category\\\/nezarazene\\\/\",\"nextItem\":{\"@type\":\"ListItem\",\"@id\":\"https:\\\/\\\/www.dahora.cz\\\/de\\\/2024\\\/06\\\/24\\\/gastronomicka-hodiny-francouzskeho-jazyka\\\/#listItem\",\"name\":\"Gastronomick\\u00e1 hodiny francouzsk\\u00e9ho jazyka\"},\"previousItem\":{\"@type\":\"ListItem\",\"@id\":\"https:\\\/\\\/www.dahora.cz\\\/de#listItem\",\"name\":\"Home\"}},{\"@type\":\"ListItem\",\"@id\":\"https:\\\/\\\/www.dahora.cz\\\/de\\\/2024\\\/06\\\/24\\\/gastronomicka-hodiny-francouzskeho-jazyka\\\/#listItem\",\"position\":3,\"name\":\"Gastronomick\\u00e1 hodiny francouzsk\\u00e9ho jazyka\",\"previousItem\":{\"@type\":\"ListItem\",\"@id\":\"https:\\\/\\\/www.dahora.cz\\\/de\\\/category\\\/nezarazene\\\/#listItem\",\"name\":\"Novinky\"}}]},{\"@type\":\"Organization\",\"@id\":\"https:\\\/\\\/www.dahora.cz\\\/de\\\/#organization\",\"name\":\"DA Kutn\\u00e1 Hora\",\"description\":\"Digital Academy Kutn\\u00e1 Hora\",\"url\":\"https:\\\/\\\/www.dahora.cz\\\/de\\\/\",\"logo\":{\"@type\":\"ImageObject\",\"url\":\"https:\\\/\\\/www.dahora.cz\\\/wp-content\\\/uploads\\\/2021\\\/02\\\/logo-dahora.svg\",\"@id\":\"https:\\\/\\\/www.dahora.cz\\\/de\\\/2024\\\/06\\\/24\\\/gastronomicka-hodiny-francouzskeho-jazyka\\\/#organizationLogo\",\"width\":359,\"height\":51,\"caption\":\"logo Dahora.cz\"},\"image\":{\"@id\":\"https:\\\/\\\/www.dahora.cz\\\/de\\\/2024\\\/06\\\/24\\\/gastronomicka-hodiny-francouzskeho-jazyka\\\/#organizationLogo\"}},{\"@type\":\"Person\",\"@id\":\"https:\\\/\\\/www.dahora.cz\\\/de\\\/author\\\/dahorajb\\\/#author\",\"url\":\"https:\\\/\\\/www.dahora.cz\\\/de\\\/author\\\/dahorajb\\\/\",\"name\":\"Ji\\u0159\\u00ed Brda\",\"image\":{\"@type\":\"ImageObject\",\"@id\":\"https:\\\/\\\/www.dahora.cz\\\/de\\\/2024\\\/06\\\/24\\\/gastronomicka-hodiny-francouzskeho-jazyka\\\/#authorImage\",\"url\":\"https:\\\/\\\/secure.gravatar.com\\\/avatar\\\/a610d3e1fa43223194b980adb601200659175998896ccf24947964ae5de97732?s=96&d=mm&r=g\",\"width\":96,\"height\":96,\"caption\":\"Ji\\u0159\\u00ed Brda\"}},{\"@type\":\"WebPage\",\"@id\":\"https:\\\/\\\/www.dahora.cz\\\/de\\\/2024\\\/06\\\/24\\\/gastronomicka-hodiny-francouzskeho-jazyka\\\/#webpage\",\"url\":\"https:\\\/\\\/www.dahora.cz\\\/de\\\/2024\\\/06\\\/24\\\/gastronomicka-hodiny-francouzskeho-jazyka\\\/\",\"name\":\"Gastronomick\\u00e1 hodiny francouzsk\\u00e9ho jazyka - Digital Academy Kutn\\u00e1 Hora\",\"description\":\"Posledn\\u00ed hodina francouzsk\\u00e9ho jazyka v leto\\u0161n\\u00edm \\u0161koln\\u00edm roce, kter\\u00e1 se konala minul\\u00fd t\\u00fdden, se nesla v duchu p\\u0159ekvapen\\u00ed. Pan\\u00ed u\\u010ditelka si na rozlou\\u010den\\u00ed s \\u017e\\u00e1ky p\\u0159ipravila gastronomick\\u00e9 p\\u0159ekvapen\\u00ed. Studenti st\\u0159edn\\u00ed \\u0161koly Digital Academy m\\u011bli mo\\u017enost ochutnat lok\\u00e1ln\\u00ed francouzsk\\u00e9 speciality a z\\u00e1rove\\u0148 se pokou\\u0161eli uhodnout, z jak\\u00e9ho regionu Francie dan\\u00e1 specialita poch\\u00e1z\\u00ed. \\ud83e\\udd56\\ud83e\\uddc0 A ano vid\\u00edte\",\"inLanguage\":\"de-DE\",\"isPartOf\":{\"@id\":\"https:\\\/\\\/www.dahora.cz\\\/de\\\/#website\"},\"breadcrumb\":{\"@id\":\"https:\\\/\\\/www.dahora.cz\\\/de\\\/2024\\\/06\\\/24\\\/gastronomicka-hodiny-francouzskeho-jazyka\\\/#breadcrumblist\"},\"author\":{\"@id\":\"https:\\\/\\\/www.dahora.cz\\\/de\\\/author\\\/dahorajb\\\/#author\"},\"creator\":{\"@id\":\"https:\\\/\\\/www.dahora.cz\\\/de\\\/author\\\/dahorajb\\\/#author\"},\"image\":{\"@type\":\"ImageObject\",\"url\":\"https:\\\/\\\/www.dahora.cz\\\/wp-content\\\/uploads\\\/2024\\\/06\\\/gastronomicka-hodina-francouzskeho-jazyka-06.jpg\",\"@id\":\"https:\\\/\\\/www.dahora.cz\\\/de\\\/2024\\\/06\\\/24\\\/gastronomicka-hodiny-francouzskeho-jazyka\\\/#mainImage\",\"width\":1080,\"height\":810},\"primaryImageOfPage\":{\"@id\":\"https:\\\/\\\/www.dahora.cz\\\/de\\\/2024\\\/06\\\/24\\\/gastronomicka-hodiny-francouzskeho-jazyka\\\/#mainImage\"},\"datePublished\":\"2024-06-24T08:42:43+02:00\",\"dateModified\":\"2026-02-18T19:51:05+01:00\"},{\"@type\":\"WebSite\",\"@id\":\"https:\\\/\\\/www.dahora.cz\\\/de\\\/#website\",\"url\":\"https:\\\/\\\/www.dahora.cz\\\/de\\\/\",\"name\":\"Digital Academy Kutn\\u00e1 Hora\",\"description\":\"Digital Academy Kutn\\u00e1 Hora\",\"inLanguage\":\"de-DE\",\"publisher\":{\"@id\":\"https:\\\/\\\/www.dahora.cz\\\/de\\\/#organization\"}}]}\n\t\t<\/script>\n\t\t<!-- All in One SEO -->\n\n","aioseo_head_json":{"title":"Gastronomick\u00e1 hodiny francouzsk\u00e9ho jazyka - Digital Academy Kutn\u00e1 Hora","description":"Posledn\u00ed hodina francouzsk\u00e9ho jazyka v leto\u0161n\u00edm \u0161koln\u00edm roce, kter\u00e1 se konala minul\u00fd t\u00fdden, se nesla v duchu p\u0159ekvapen\u00ed. Pan\u00ed u\u010ditelka si na rozlou\u010den\u00ed s \u017e\u00e1ky p\u0159ipravila gastronomick\u00e9 p\u0159ekvapen\u00ed. Studenti st\u0159edn\u00ed \u0161koly Digital Academy m\u011bli mo\u017enost ochutnat lok\u00e1ln\u00ed francouzsk\u00e9 speciality a z\u00e1rove\u0148 se pokou\u0161eli uhodnout, z jak\u00e9ho regionu Francie dan\u00e1 specialita poch\u00e1z\u00ed. \ud83e\udd56\ud83e\uddc0 A ano vid\u00edte","canonical_url":"https:\/\/www.dahora.cz\/de\/2024\/06\/24\/gastronomicka-hodiny-francouzskeho-jazyka\/","robots":"max-image-preview:large","keywords":"","webmasterTools":{"miscellaneous":""},"schema":{"@context":"https:\/\/schema.org","@graph":[{"@type":"BlogPosting","@id":"https:\/\/www.dahora.cz\/de\/2024\/06\/24\/gastronomicka-hodiny-francouzskeho-jazyka\/#blogposting","name":"Gastronomick\u00e1 hodiny francouzsk\u00e9ho jazyka - Digital Academy Kutn\u00e1 Hora","headline":"Gastronomick\u00e1 hodiny francouzsk\u00e9ho jazyka","author":{"@id":"https:\/\/www.dahora.cz\/de\/author\/dahorajb\/#author"},"publisher":{"@id":"https:\/\/www.dahora.cz\/de\/#organization"},"image":{"@type":"ImageObject","url":"https:\/\/www.dahora.cz\/wp-content\/uploads\/2024\/06\/gastronomicka-hodina-francouzskeho-jazyka-06.jpg","width":1080,"height":810},"datePublished":"2024-06-24T08:42:43+02:00","dateModified":"2026-02-18T19:51:05+01:00","inLanguage":"de-DE","mainEntityOfPage":{"@id":"https:\/\/www.dahora.cz\/de\/2024\/06\/24\/gastronomicka-hodiny-francouzskeho-jazyka\/#webpage"},"isPartOf":{"@id":"https:\/\/www.dahora.cz\/de\/2024\/06\/24\/gastronomicka-hodiny-francouzskeho-jazyka\/#webpage"},"articleSection":"Novinky"},{"@type":"BreadcrumbList","@id":"https:\/\/www.dahora.cz\/de\/2024\/06\/24\/gastronomicka-hodiny-francouzskeho-jazyka\/#breadcrumblist","itemListElement":[{"@type":"ListItem","@id":"https:\/\/www.dahora.cz\/de#listItem","position":1,"name":"Home","item":"https:\/\/www.dahora.cz\/de","nextItem":{"@type":"ListItem","@id":"https:\/\/www.dahora.cz\/de\/category\/nezarazene\/#listItem","name":"Novinky"}},{"@type":"ListItem","@id":"https:\/\/www.dahora.cz\/de\/category\/nezarazene\/#listItem","position":2,"name":"Novinky","item":"https:\/\/www.dahora.cz\/de\/category\/nezarazene\/","nextItem":{"@type":"ListItem","@id":"https:\/\/www.dahora.cz\/de\/2024\/06\/24\/gastronomicka-hodiny-francouzskeho-jazyka\/#listItem","name":"Gastronomick\u00e1 hodiny francouzsk\u00e9ho jazyka"},"previousItem":{"@type":"ListItem","@id":"https:\/\/www.dahora.cz\/de#listItem","name":"Home"}},{"@type":"ListItem","@id":"https:\/\/www.dahora.cz\/de\/2024\/06\/24\/gastronomicka-hodiny-francouzskeho-jazyka\/#listItem","position":3,"name":"Gastronomick\u00e1 hodiny francouzsk\u00e9ho jazyka","previousItem":{"@type":"ListItem","@id":"https:\/\/www.dahora.cz\/de\/category\/nezarazene\/#listItem","name":"Novinky"}}]},{"@type":"Organization","@id":"https:\/\/www.dahora.cz\/de\/#organization","name":"DA Kutn\u00e1 Hora","description":"Digital Academy Kutn\u00e1 Hora","url":"https:\/\/www.dahora.cz\/de\/","logo":{"@type":"ImageObject","url":"https:\/\/www.dahora.cz\/wp-content\/uploads\/2021\/02\/logo-dahora.svg","@id":"https:\/\/www.dahora.cz\/de\/2024\/06\/24\/gastronomicka-hodiny-francouzskeho-jazyka\/#organizationLogo","width":359,"height":51,"caption":"logo Dahora.cz"},"image":{"@id":"https:\/\/www.dahora.cz\/de\/2024\/06\/24\/gastronomicka-hodiny-francouzskeho-jazyka\/#organizationLogo"}},{"@type":"Person","@id":"https:\/\/www.dahora.cz\/de\/author\/dahorajb\/#author","url":"https:\/\/www.dahora.cz\/de\/author\/dahorajb\/","name":"Ji\u0159\u00ed Brda","image":{"@type":"ImageObject","@id":"https:\/\/www.dahora.cz\/de\/2024\/06\/24\/gastronomicka-hodiny-francouzskeho-jazyka\/#authorImage","url":"https:\/\/secure.gravatar.com\/avatar\/a610d3e1fa43223194b980adb601200659175998896ccf24947964ae5de97732?s=96&d=mm&r=g","width":96,"height":96,"caption":"Ji\u0159\u00ed Brda"}},{"@type":"WebPage","@id":"https:\/\/www.dahora.cz\/de\/2024\/06\/24\/gastronomicka-hodiny-francouzskeho-jazyka\/#webpage","url":"https:\/\/www.dahora.cz\/de\/2024\/06\/24\/gastronomicka-hodiny-francouzskeho-jazyka\/","name":"Gastronomick\u00e1 hodiny francouzsk\u00e9ho jazyka - Digital Academy Kutn\u00e1 Hora","description":"Posledn\u00ed hodina francouzsk\u00e9ho jazyka v leto\u0161n\u00edm \u0161koln\u00edm roce, kter\u00e1 se konala minul\u00fd t\u00fdden, se nesla v duchu p\u0159ekvapen\u00ed. Pan\u00ed u\u010ditelka si na rozlou\u010den\u00ed s \u017e\u00e1ky p\u0159ipravila gastronomick\u00e9 p\u0159ekvapen\u00ed. Studenti st\u0159edn\u00ed \u0161koly Digital Academy m\u011bli mo\u017enost ochutnat lok\u00e1ln\u00ed francouzsk\u00e9 speciality a z\u00e1rove\u0148 se pokou\u0161eli uhodnout, z jak\u00e9ho regionu Francie dan\u00e1 specialita poch\u00e1z\u00ed. \ud83e\udd56\ud83e\uddc0 A ano vid\u00edte","inLanguage":"de-DE","isPartOf":{"@id":"https:\/\/www.dahora.cz\/de\/#website"},"breadcrumb":{"@id":"https:\/\/www.dahora.cz\/de\/2024\/06\/24\/gastronomicka-hodiny-francouzskeho-jazyka\/#breadcrumblist"},"author":{"@id":"https:\/\/www.dahora.cz\/de\/author\/dahorajb\/#author"},"creator":{"@id":"https:\/\/www.dahora.cz\/de\/author\/dahorajb\/#author"},"image":{"@type":"ImageObject","url":"https:\/\/www.dahora.cz\/wp-content\/uploads\/2024\/06\/gastronomicka-hodina-francouzskeho-jazyka-06.jpg","@id":"https:\/\/www.dahora.cz\/de\/2024\/06\/24\/gastronomicka-hodiny-francouzskeho-jazyka\/#mainImage","width":1080,"height":810},"primaryImageOfPage":{"@id":"https:\/\/www.dahora.cz\/de\/2024\/06\/24\/gastronomicka-hodiny-francouzskeho-jazyka\/#mainImage"},"datePublished":"2024-06-24T08:42:43+02:00","dateModified":"2026-02-18T19:51:05+01:00"},{"@type":"WebSite","@id":"https:\/\/www.dahora.cz\/de\/#website","url":"https:\/\/www.dahora.cz\/de\/","name":"Digital Academy Kutn\u00e1 Hora","description":"Digital Academy Kutn\u00e1 Hora","inLanguage":"de-DE","publisher":{"@id":"https:\/\/www.dahora.cz\/de\/#organization"}}]},"og:locale":"de_DE","og:site_name":"Digital Academy Kutn\u00e1 Hora - Digital Academy Kutn\u00e1 Hora","og:type":"article","og:title":"Gastronomick\u00e1 hodiny francouzsk\u00e9ho jazyka - Digital Academy Kutn\u00e1 Hora","og:description":"Posledn\u00ed hodina francouzsk\u00e9ho jazyka v leto\u0161n\u00edm \u0161koln\u00edm roce, kter\u00e1 se konala minul\u00fd t\u00fdden, se nesla v duchu p\u0159ekvapen\u00ed. Pan\u00ed u\u010ditelka si na rozlou\u010den\u00ed s \u017e\u00e1ky p\u0159ipravila gastronomick\u00e9 p\u0159ekvapen\u00ed. Studenti st\u0159edn\u00ed \u0161koly Digital Academy m\u011bli mo\u017enost ochutnat lok\u00e1ln\u00ed francouzsk\u00e9 speciality a z\u00e1rove\u0148 se pokou\u0161eli uhodnout, z jak\u00e9ho regionu Francie dan\u00e1 specialita poch\u00e1z\u00ed. \ud83e\udd56\ud83e\uddc0 A ano vid\u00edte","og:url":"https:\/\/www.dahora.cz\/de\/2024\/06\/24\/gastronomicka-hodiny-francouzskeho-jazyka\/","og:image":"https:\/\/www.dahora.cz\/wp-content\/uploads\/2020\/02\/logo-digital-academy-kutna-hora-03.png","og:image:secure_url":"https:\/\/www.dahora.cz\/wp-content\/uploads\/2020\/02\/logo-digital-academy-kutna-hora-03.png","og:image:width":278,"og:image:height":92,"article:published_time":"2024-06-24T06:42:43+00:00","article:modified_time":"2026-02-18T18:51:05+00:00","twitter:card":"summary","twitter:title":"Gastronomick\u00e1 hodiny francouzsk\u00e9ho jazyka - Digital Academy Kutn\u00e1 Hora","twitter:description":"Posledn\u00ed hodina francouzsk\u00e9ho jazyka v leto\u0161n\u00edm \u0161koln\u00edm roce, kter\u00e1 se konala minul\u00fd t\u00fdden, se nesla v duchu p\u0159ekvapen\u00ed. Pan\u00ed u\u010ditelka si na rozlou\u010den\u00ed s \u017e\u00e1ky p\u0159ipravila gastronomick\u00e9 p\u0159ekvapen\u00ed. Studenti st\u0159edn\u00ed \u0161koly Digital Academy m\u011bli mo\u017enost ochutnat lok\u00e1ln\u00ed francouzsk\u00e9 speciality a z\u00e1rove\u0148 se pokou\u0161eli uhodnout, z jak\u00e9ho regionu Francie dan\u00e1 specialita poch\u00e1z\u00ed. \ud83e\udd56\ud83e\uddc0 A ano vid\u00edte","twitter:image":"https:\/\/www.dahora.cz\/wp-content\/uploads\/2020\/02\/logo-digital-academy-kutna-hora-03.png"},"aioseo_meta_data":{"post_id":"995338","title":null,"description":null,"keywords":null,"keyphrases":{"focus":{"keyphrase":"","score":0,"analysis":{"keyphraseInTitle":{"score":0,"maxScore":9,"error":1}}},"additional":[]},"primary_term":null,"canonical_url":null,"og_title":null,"og_description":null,"og_object_type":"default","og_image_type":"default","og_image_url":null,"og_image_width":null,"og_image_height":null,"og_image_custom_url":null,"og_image_custom_fields":null,"og_video":"","og_custom_url":null,"og_article_section":null,"og_article_tags":null,"twitter_use_og":false,"twitter_card":"default","twitter_image_type":"default","twitter_image_url":null,"twitter_image_custom_url":null,"twitter_image_custom_fields":null,"twitter_title":null,"twitter_description":null,"schema":{"blockGraphs":[],"customGraphs":[],"default":{"data":{"Article":[],"Course":[],"Dataset":[],"FAQPage":[],"Movie":[],"Person":[],"Product":[],"ProductReview":[],"Car":[],"Recipe":[],"Service":[],"SoftwareApplication":[],"WebPage":[]},"graphName":"BlogPosting","isEnabled":true},"graphs":[]},"schema_type":"default","schema_type_options":null,"pillar_content":false,"robots_default":true,"robots_noindex":false,"robots_noarchive":false,"robots_nosnippet":false,"robots_nofollow":false,"robots_noimageindex":false,"robots_noodp":false,"robots_notranslate":false,"robots_max_snippet":"-1","robots_max_videopreview":"-1","robots_max_imagepreview":"large","priority":null,"frequency":"default","local_seo":null,"breadcrumb_settings":null,"limit_modified_date":false,"ai":{"faqs":[],"keyPoints":[],"titles":[],"descriptions":[],"socialPosts":{"email":[],"linkedin":[],"twitter":[],"facebook":[],"instagram":[]}},"created":"2024-06-24 06:42:46","updated":"2026-02-18 18:51:05","seo_analyzer_scan_date":null,"focus_keyword":null,"additional_keywords":null,"truseo_locale":null},"aioseo_breadcrumb":"<div class=\"aioseo-breadcrumbs\"><span class=\"aioseo-breadcrumb\">\n\t\t\t<a href=\"https:\/\/www.dahora.cz\/de\" title=\"Home\">Home<\/a>\n\t\t<\/span><span class=\"aioseo-breadcrumb-separator\">\u00bb<\/span><span class=\"aioseo-breadcrumb\">\n\t\t\t<a href=\"https:\/\/www.dahora.cz\/de\/category\/nezarazene\/\" title=\"Novinky\">Novinky<\/a>\n\t\t<\/span><span class=\"aioseo-breadcrumb-separator\">\u00bb<\/span><span class=\"aioseo-breadcrumb\">\n\t\t\t<a href=\"https:\/\/www.dahora.cz\/de\/2024\/06\/24\/gastronomicka-hodiny-francouzskeho-jazyka\/\" title=\"Gastronomick\u00e1 hodiny francouzsk\u00e9ho jazyka\">Gastronomick\u00e1 hodiny francouzsk\u00e9ho jazyka<\/a>\n\t\t<\/span><\/div>","aioseo_breadcrumb_json":[{"label":"Home","link":"https:\/\/www.dahora.cz\/de"},{"label":"Novinky","link":"https:\/\/www.dahora.cz\/de\/category\/nezarazene\/"},{"label":"Gastronomick\u00e1 hodiny francouzsk\u00e9ho jazyka","link":"https:\/\/www.dahora.cz\/de\/2024\/06\/24\/gastronomicka-hodiny-francouzskeho-jazyka\/"}],"_links":{"self":[{"href":"https:\/\/www.dahora.cz\/de\/wp-json\/wp\/v2\/posts\/995338","targetHints":{"allow":["GET"]}}],"collection":[{"href":"https:\/\/www.dahora.cz\/de\/wp-json\/wp\/v2\/posts"}],"about":[{"href":"https:\/\/www.dahora.cz\/de\/wp-json\/wp\/v2\/types\/post"}],"author":[{"embeddable":true,"href":"https:\/\/www.dahora.cz\/de\/wp-json\/wp\/v2\/users\/4"}],"replies":[{"embeddable":true,"href":"https:\/\/www.dahora.cz\/de\/wp-json\/wp\/v2\/comments?post=995338"}],"version-history":[{"count":0,"href":"https:\/\/www.dahora.cz\/de\/wp-json\/wp\/v2\/posts\/995338\/revisions"}],"wp:featuredmedia":[{"embeddable":true,"href":"https:\/\/www.dahora.cz\/de\/wp-json\/wp\/v2\/media\/995345"}],"wp:attachment":[{"href":"https:\/\/www.dahora.cz\/de\/wp-json\/wp\/v2\/media?parent=995338"}],"wp:term":[{"taxonomy":"category","embeddable":true,"href":"https:\/\/www.dahora.cz\/de\/wp-json\/wp\/v2\/categories?post=995338"},{"taxonomy":"post_tag","embeddable":true,"href":"https:\/\/www.dahora.cz\/de\/wp-json\/wp\/v2\/tags?post=995338"}],"curies":[{"name":"wp","href":"https:\/\/api.w.org\/{rel}","templated":true}]}}