{"id":997852,"date":"2025-04-01T10:00:00","date_gmt":"2025-04-01T08:00:00","guid":{"rendered":"https:\/\/www.dahora.cz\/?p=997852"},"modified":"2026-02-18T22:26:14","modified_gmt":"2026-02-18T21:26:14","slug":"digital-academy-kutna-hora-se-zapojila-do-akce-uklidme-cesko","status":"publish","type":"post","link":"https:\/\/www.dahora.cz\/de\/2025\/04\/01\/digital-academy-kutna-hora-se-zapojila-do-akce-uklidme-cesko\/","title":{"rendered":"Die Digitale Akademie Kutn\u00e1 Hora nahm an der Veranstaltung Clean Up the Czech Republic teil"},"content":{"rendered":"<div data-elementor-type=\"wp-post\" data-elementor-id=\"997852\" class=\"elementor elementor-997852\" data-elementor-post-type=\"post\">\n\t\t\t\t\t\t<section class=\"elementor-section elementor-top-section elementor-element elementor-element-e3f3cb7 elementor-section-boxed elementor-section-height-default elementor-section-height-default\" data-id=\"e3f3cb7\" data-element_type=\"section\" data-e-type=\"section\">\n\t\t\t\t\t\t<div class=\"elementor-container elementor-column-gap-default\">\n\t\t\t\t\t<div class=\"elementor-column elementor-col-100 elementor-top-column elementor-element elementor-element-cd9007d\" data-id=\"cd9007d\" data-element_type=\"column\" data-e-type=\"column\">\n\t\t\t<div class=\"elementor-widget-wrap elementor-element-populated\">\n\t\t\t\t\t\t<div class=\"elementor-element elementor-element-b342b93 elementor-widget elementor-widget-text-editor\" data-id=\"b342b93\" data-element_type=\"widget\" data-e-type=\"widget\" data-widget_type=\"text-editor.default\">\n\t\t\t\t<div class=\"elementor-widget-container\">\n\t\t\t\t\t\t\t\t\t<p><strong>Himbeere<\/strong>\u00a0- Am Freitag, dem 28. M\u00e4rz, beteiligte sich auch die Digitale Akademie Kutn\u00e1 Hora an der landesweiten Aktion \"Clean Up the Czech Republic\". Im Rahmen dieser wichtigen Umweltaktion gingen alle Klassen, einschlie\u00dflich des Lehrpersonals und der nicht lehrenden Mitarbeiter, auf die Stra\u00dfe und in die Natur, um gemeinsam zu einer saubereren und sch\u00f6neren Stadt beizutragen.<\/p>\t\t\t\t\t\t\t\t<\/div>\n\t\t\t\t<\/div>\n\t\t\t\t<div class=\"elementor-element elementor-element-b671b2c elementor-widget elementor-widget-text-editor\" data-id=\"b671b2c\" data-element_type=\"widget\" data-e-type=\"widget\" data-widget_type=\"text-editor.default\">\n\t\t\t\t<div class=\"elementor-widget-container\">\n\t\t\t\t\t\t\t\t\t<p>Ausgestattet mit T\u00fcten und Handschuhen sammelten die Sch\u00fclerInnen und LehrerInnen M\u00fcll, der sich in der Natur und im \u00f6ffentlichen Raum ansammelt. Ziel dieser Veranstaltung ist es nicht nur, das Erscheinungsbild von Kutn\u00e1 Hora zu verbessern, sondern auch das Bewusstsein f\u00fcr die Bedeutung des Umweltschutzes und einer verantwortungsvollen Abfallwirtschaft zu sch\u00e4rfen.<\/p><p><em>\"Abf\u00e4lle verschwinden nicht von selbst aus der Natur, deshalb ist es wichtig, dass wir alle mitmachen und zu ihrer Beseitigung beitragen.<\/em>\u00a0Sagt\u00a0<strong>Mgr. Renata Novotn\u00e1,<\/strong>\u00a0Stellvertretende Schuldirektorin.\u00a0<em>\"Wir sind stolz auf unsere Sch\u00fcler und Lehrer, die sich entschieden haben, ihre Zeit und Energie dieser wichtigen Aufgabe zu widmen.<\/em><\/p><p>Die Aktion \"Clean up the Czech Republic\" ist eine gro\u00dfartige Gelegenheit f\u00fcr alle, die aktiv zum Umweltschutz beitragen und die Lebensqualit\u00e4t in ihrer Nachbarschaft verbessern wollen. Die Sch\u00fcler der Digitalen Akademie Kutn\u00e1 Hora haben mit ihrem eigenen Humor teilgenommen und glauben, dass wir gemeinsam Kutn\u00e1 Hora f\u00fcr alle sch\u00f6ner machen k\u00f6nnen.<\/p>\t\t\t\t\t\t\t\t<\/div>\n\t\t\t\t<\/div>\n\t\t\t\t<div class=\"elementor-element elementor-element-6188eb7 elementor-widget elementor-widget-text-editor\" data-id=\"6188eb7\" data-element_type=\"widget\" data-e-type=\"widget\" data-widget_type=\"text-editor.default\">\n\t\t\t\t<div class=\"elementor-widget-container\">\n\t\t\t\t\t\t\t\t\t<p><em>Quelle:\u00a0<a href=\"https:\/\/www.svoboda.info\/zpravy\/kutna-hora\/digital-academy-kutna-hora-se-zapojila-do-akce-uklidme-cesko\/\" target=\"_blank\" rel=\"noopener\" data-saferedirecturl=\"https:\/\/www.google.com\/url?q=https:\/\/www.svoboda.info\/zpravy\/kutna-hora\/digital-academy-kutna-hora-se-zapojila-do-akce-uklidme-cesko\/&amp;source=gmail&amp;ust=1743700630179000&amp;usg=AOvVaw21cXGU6z-lQV9pcotGofL7\">https:\/\/www.svoboda.info\/<wbr \/>nachrichten\/kutna-hora\/digital-<wbr \/>akademie-kutna-hora-se-<wbr \/>beteilige dich an der aktion-uklidme-<wbr \/>Tschechische Republik\/<\/a><\/em><\/p>\t\t\t\t\t\t\t\t<\/div>\n\t\t\t\t<\/div>\n\t\t\t\t<div class=\"elementor-element elementor-element-c1f3d35 elementor-widget elementor-widget-gallery\" data-id=\"c1f3d35\" data-element_type=\"widget\" data-e-type=\"widget\" data-settings=\"{&quot;lazyload&quot;:&quot;yes&quot;,&quot;gallery_layout&quot;:&quot;grid&quot;,&quot;columns&quot;:4,&quot;columns_tablet&quot;:2,&quot;columns_mobile&quot;:1,&quot;gap&quot;:{&quot;unit&quot;:&quot;px&quot;,&quot;size&quot;:10,&quot;sizes&quot;:[]},&quot;gap_tablet&quot;:{&quot;unit&quot;:&quot;px&quot;,&quot;size&quot;:10,&quot;sizes&quot;:[]},&quot;gap_mobile&quot;:{&quot;unit&quot;:&quot;px&quot;,&quot;size&quot;:10,&quot;sizes&quot;:[]},&quot;link_to&quot;:&quot;file&quot;,&quot;aspect_ratio&quot;:&quot;3:2&quot;,&quot;overlay_background&quot;:&quot;yes&quot;,&quot;content_hover_animation&quot;:&quot;fade-in&quot;}\" data-widget_type=\"gallery.default\">\n\t\t\t\t<div class=\"elementor-widget-container\">\n\t\t\t\t\t\t\t<div class=\"elementor-gallery__container\">\n\t\t\t\t\t\t\t<a class=\"e-gallery-item elementor-gallery-item elementor-animated-content\" href=\"https:\/\/www.dahora.cz\/wp-content\/uploads\/2025\/04\/20250331184924_DA_UC10.webp\" data-elementor-open-lightbox=\"yes\" data-elementor-lightbox-slideshow=\"c1f3d35\" data-e-action-hash=\"#elementor-action%3Aaction%3Dlightbox%26settings%3DeyJpZCI6OTk3ODU3LCJ1cmwiOiJodHRwczpcL1wvd3d3LmRhaG9yYS5jelwvd3AtY29udGVudFwvdXBsb2Fkc1wvMjAyNVwvMDRcLzIwMjUwMzMxMTg0OTI0X0RBX1VDMTAud2VicCIsInNsaWRlc2hvdyI6ImMxZjNkMzUifQ%3D%3D\">\n\t\t\t\t\t<div class=\"e-gallery-image elementor-gallery-item__image\" data-thumbnail=\"https:\/\/www.dahora.cz\/wp-content\/uploads\/2025\/04\/20250331184924_DA_UC10-300x225.webp\" data-width=\"300\" data-height=\"225\" aria-label=\"Die Digitale Akademie Kutn\u00e1 Hora nahm an der Veranstaltung Clean Up the Czech Republic teil\" role=\"img\" ><\/div>\n\t\t\t\t\t\t\t\t\t\t\t<div class=\"elementor-gallery-item__overlay\"><\/div>\n\t\t\t\t\t\t\t\t\t\t\t\t\t\t<\/a>\n\t\t\t\t\t\t\t<a class=\"e-gallery-item elementor-gallery-item elementor-animated-content\" href=\"https:\/\/www.dahora.cz\/wp-content\/uploads\/2025\/04\/20250331184925_DA_UC11.webp\" data-elementor-open-lightbox=\"yes\" data-elementor-lightbox-slideshow=\"c1f3d35\" data-e-action-hash=\"#elementor-action%3Aaction%3Dlightbox%26settings%3DeyJpZCI6OTk3ODU4LCJ1cmwiOiJodHRwczpcL1wvd3d3LmRhaG9yYS5jelwvd3AtY29udGVudFwvdXBsb2Fkc1wvMjAyNVwvMDRcLzIwMjUwMzMxMTg0OTI1X0RBX1VDMTEud2VicCIsInNsaWRlc2hvdyI6ImMxZjNkMzUifQ%3D%3D\">\n\t\t\t\t\t<div class=\"e-gallery-image elementor-gallery-item__image\" data-thumbnail=\"https:\/\/www.dahora.cz\/wp-content\/uploads\/2025\/04\/20250331184925_DA_UC11-300x225.webp\" data-width=\"300\" data-height=\"225\" aria-label=\"Die Digitale Akademie Kutn\u00e1 Hora nahm an der Veranstaltung Clean Up the Czech Republic teil\" role=\"img\" ><\/div>\n\t\t\t\t\t\t\t\t\t\t\t<div class=\"elementor-gallery-item__overlay\"><\/div>\n\t\t\t\t\t\t\t\t\t\t\t\t\t\t<\/a>\n\t\t\t\t\t\t\t<a class=\"e-gallery-item elementor-gallery-item elementor-animated-content\" href=\"https:\/\/www.dahora.cz\/wp-content\/uploads\/2025\/04\/20250331184926_DA_UC12.webp\" data-elementor-open-lightbox=\"yes\" data-elementor-lightbox-slideshow=\"c1f3d35\" data-e-action-hash=\"#elementor-action%3Aaction%3Dlightbox%26settings%3DeyJpZCI6OTk3ODU5LCJ1cmwiOiJodHRwczpcL1wvd3d3LmRhaG9yYS5jelwvd3AtY29udGVudFwvdXBsb2Fkc1wvMjAyNVwvMDRcLzIwMjUwMzMxMTg0OTI2X0RBX1VDMTIud2VicCIsInNsaWRlc2hvdyI6ImMxZjNkMzUifQ%3D%3D\">\n\t\t\t\t\t<div class=\"e-gallery-image elementor-gallery-item__image\" data-thumbnail=\"https:\/\/www.dahora.cz\/wp-content\/uploads\/2025\/04\/20250331184926_DA_UC12-225x300.webp\" data-width=\"225\" data-height=\"300\" aria-label=\"Die Digitale Akademie Kutn\u00e1 Hora nahm an der Veranstaltung Clean Up the Czech Republic teil\" role=\"img\" ><\/div>\n\t\t\t\t\t\t\t\t\t\t\t<div class=\"elementor-gallery-item__overlay\"><\/div>\n\t\t\t\t\t\t\t\t\t\t\t\t\t\t<\/a>\n\t\t\t\t\t\t\t<a class=\"e-gallery-item elementor-gallery-item elementor-animated-content\" href=\"https:\/\/www.dahora.cz\/wp-content\/uploads\/2025\/04\/20250331184927_DA_UC13.webp\" data-elementor-open-lightbox=\"yes\" data-elementor-lightbox-slideshow=\"c1f3d35\" data-e-action-hash=\"#elementor-action%3Aaction%3Dlightbox%26settings%3DeyJpZCI6OTk3ODYwLCJ1cmwiOiJodHRwczpcL1wvd3d3LmRhaG9yYS5jelwvd3AtY29udGVudFwvdXBsb2Fkc1wvMjAyNVwvMDRcLzIwMjUwMzMxMTg0OTI3X0RBX1VDMTMud2VicCIsInNsaWRlc2hvdyI6ImMxZjNkMzUifQ%3D%3D\">\n\t\t\t\t\t<div class=\"e-gallery-image elementor-gallery-item__image\" data-thumbnail=\"https:\/\/www.dahora.cz\/wp-content\/uploads\/2025\/04\/20250331184927_DA_UC13-300x226.webp\" data-width=\"300\" data-height=\"226\" aria-label=\"Die Digitale Akademie Kutn\u00e1 Hora nahm an der Veranstaltung Clean Up the Czech Republic teil\" role=\"img\" ><\/div>\n\t\t\t\t\t\t\t\t\t\t\t<div class=\"elementor-gallery-item__overlay\"><\/div>\n\t\t\t\t\t\t\t\t\t\t\t\t\t\t<\/a>\n\t\t\t\t\t\t\t<a class=\"e-gallery-item elementor-gallery-item elementor-animated-content\" href=\"https:\/\/www.dahora.cz\/wp-content\/uploads\/2025\/04\/20250331184929_DA_UC14.webp\" data-elementor-open-lightbox=\"yes\" data-elementor-lightbox-slideshow=\"c1f3d35\" data-e-action-hash=\"#elementor-action%3Aaction%3Dlightbox%26settings%3DeyJpZCI6OTk3ODYxLCJ1cmwiOiJodHRwczpcL1wvd3d3LmRhaG9yYS5jelwvd3AtY29udGVudFwvdXBsb2Fkc1wvMjAyNVwvMDRcLzIwMjUwMzMxMTg0OTI5X0RBX1VDMTQud2VicCIsInNsaWRlc2hvdyI6ImMxZjNkMzUifQ%3D%3D\">\n\t\t\t\t\t<div class=\"e-gallery-image elementor-gallery-item__image\" data-thumbnail=\"https:\/\/www.dahora.cz\/wp-content\/uploads\/2025\/04\/20250331184929_DA_UC14-225x300.webp\" data-width=\"225\" data-height=\"300\" aria-label=\"Die Digitale Akademie Kutn\u00e1 Hora nahm an der Veranstaltung Clean Up the Czech Republic teil\" role=\"img\" ><\/div>\n\t\t\t\t\t\t\t\t\t\t\t<div class=\"elementor-gallery-item__overlay\"><\/div>\n\t\t\t\t\t\t\t\t\t\t\t\t\t\t<\/a>\n\t\t\t\t\t\t\t<a class=\"e-gallery-item elementor-gallery-item elementor-animated-content\" href=\"https:\/\/www.dahora.cz\/wp-content\/uploads\/2025\/04\/20250331184930_DA_UC15.webp\" data-elementor-open-lightbox=\"yes\" data-elementor-lightbox-slideshow=\"c1f3d35\" data-e-action-hash=\"#elementor-action%3Aaction%3Dlightbox%26settings%3DeyJpZCI6OTk3ODYyLCJ1cmwiOiJodHRwczpcL1wvd3d3LmRhaG9yYS5jelwvd3AtY29udGVudFwvdXBsb2Fkc1wvMjAyNVwvMDRcLzIwMjUwMzMxMTg0OTMwX0RBX1VDMTUud2VicCIsInNsaWRlc2hvdyI6ImMxZjNkMzUifQ%3D%3D\">\n\t\t\t\t\t<div class=\"e-gallery-image elementor-gallery-item__image\" data-thumbnail=\"https:\/\/www.dahora.cz\/wp-content\/uploads\/2025\/04\/20250331184930_DA_UC15-225x300.webp\" data-width=\"225\" data-height=\"300\" aria-label=\"Die Digitale Akademie Kutn\u00e1 Hora nahm an der Veranstaltung Clean Up the Czech Republic teil\" role=\"img\" ><\/div>\n\t\t\t\t\t\t\t\t\t\t\t<div class=\"elementor-gallery-item__overlay\"><\/div>\n\t\t\t\t\t\t\t\t\t\t\t\t\t\t<\/a>\n\t\t\t\t\t\t\t<a class=\"e-gallery-item elementor-gallery-item elementor-animated-content\" href=\"https:\/\/www.dahora.cz\/wp-content\/uploads\/2025\/04\/20250331184931_DA_UC16.webp\" data-elementor-open-lightbox=\"yes\" data-elementor-lightbox-slideshow=\"c1f3d35\" data-e-action-hash=\"#elementor-action%3Aaction%3Dlightbox%26settings%3DeyJpZCI6OTk3ODYzLCJ1cmwiOiJodHRwczpcL1wvd3d3LmRhaG9yYS5jelwvd3AtY29udGVudFwvdXBsb2Fkc1wvMjAyNVwvMDRcLzIwMjUwMzMxMTg0OTMxX0RBX1VDMTYud2VicCIsInNsaWRlc2hvdyI6ImMxZjNkMzUifQ%3D%3D\">\n\t\t\t\t\t<div class=\"e-gallery-image elementor-gallery-item__image\" data-thumbnail=\"https:\/\/www.dahora.cz\/wp-content\/uploads\/2025\/04\/20250331184931_DA_UC16-300x225.webp\" data-width=\"300\" data-height=\"225\" aria-label=\"Die Digitale Akademie Kutn\u00e1 Hora nahm an der Veranstaltung Clean Up the Czech Republic teil\" role=\"img\" ><\/div>\n\t\t\t\t\t\t\t\t\t\t\t<div class=\"elementor-gallery-item__overlay\"><\/div>\n\t\t\t\t\t\t\t\t\t\t\t\t\t\t<\/a>\n\t\t\t\t\t\t\t<a class=\"e-gallery-item elementor-gallery-item elementor-animated-content\" href=\"https:\/\/www.dahora.cz\/wp-content\/uploads\/2025\/04\/20250331184932_DA_UC17.webp\" data-elementor-open-lightbox=\"yes\" data-elementor-lightbox-slideshow=\"c1f3d35\" data-e-action-hash=\"#elementor-action%3Aaction%3Dlightbox%26settings%3DeyJpZCI6OTk3ODY0LCJ1cmwiOiJodHRwczpcL1wvd3d3LmRhaG9yYS5jelwvd3AtY29udGVudFwvdXBsb2Fkc1wvMjAyNVwvMDRcLzIwMjUwMzMxMTg0OTMyX0RBX1VDMTcud2VicCIsInNsaWRlc2hvdyI6ImMxZjNkMzUifQ%3D%3D\">\n\t\t\t\t\t<div class=\"e-gallery-image elementor-gallery-item__image\" data-thumbnail=\"https:\/\/www.dahora.cz\/wp-content\/uploads\/2025\/04\/20250331184932_DA_UC17-225x300.webp\" data-width=\"225\" data-height=\"300\" aria-label=\"Die Digitale Akademie Kutn\u00e1 Hora nahm an der Veranstaltung Clean Up the Czech Republic teil\" role=\"img\" ><\/div>\n\t\t\t\t\t\t\t\t\t\t\t<div class=\"elementor-gallery-item__overlay\"><\/div>\n\t\t\t\t\t\t\t\t\t\t\t\t\t\t<\/a>\n\t\t\t\t\t<\/div>\n\t\t\t\t\t<\/div>\n\t\t\t\t<\/div>\n\t\t\t\t\t<\/div>\n\t\t<\/div>\n\t\t\t\t\t<\/div>\n\t\t<\/section>\n\t\t\t\t<\/div>","protected":false},"excerpt":{"rendered":"<p>Auch Mal\u00edn - Digital Academy Kutn\u00e1 Hora hat sich am Freitag, den 28. M\u00e4rz, an der landesweiten Aktion \"Clean Up the Czech Republic\" beteiligt. Im Rahmen dieser wichtigen Umweltaktion gingen alle Klassen, einschlie\u00dflich des Lehrpersonals und der Nicht-Lehrer, auf die Stra\u00dfen und in die Natur, um gemeinsam zu einer saubereren und sch\u00f6neren Stadt beizutragen. Ausgestattet mit S\u00e4cken und Handschuhen sammelten die Sch\u00fcler und Lehrer M\u00fcll, der...<\/p>","protected":false},"author":4,"featured_media":997860,"comment_status":"open","ping_status":"open","sticky":false,"template":"","format":"standard","meta":{"footnotes":""},"categories":[1],"tags":[],"class_list":["post-997852","post","type-post","status-publish","format-standard","has-post-thumbnail","hentry","category-nezarazene"],"aioseo_notices":[],"_links":{"self":[{"href":"https:\/\/www.dahora.cz\/de\/wp-json\/wp\/v2\/posts\/997852","targetHints":{"allow":["GET"]}}],"collection":[{"href":"https:\/\/www.dahora.cz\/de\/wp-json\/wp\/v2\/posts"}],"about":[{"href":"https:\/\/www.dahora.cz\/de\/wp-json\/wp\/v2\/types\/post"}],"author":[{"embeddable":true,"href":"https:\/\/www.dahora.cz\/de\/wp-json\/wp\/v2\/users\/4"}],"replies":[{"embeddable":true,"href":"https:\/\/www.dahora.cz\/de\/wp-json\/wp\/v2\/comments?post=997852"}],"version-history":[{"count":0,"href":"https:\/\/www.dahora.cz\/de\/wp-json\/wp\/v2\/posts\/997852\/revisions"}],"wp:featuredmedia":[{"embeddable":true,"href":"https:\/\/www.dahora.cz\/de\/wp-json\/wp\/v2\/media\/997860"}],"wp:attachment":[{"href":"https:\/\/www.dahora.cz\/de\/wp-json\/wp\/v2\/media?parent=997852"}],"wp:term":[{"taxonomy":"category","embeddable":true,"href":"https:\/\/www.dahora.cz\/de\/wp-json\/wp\/v2\/categories?post=997852"},{"taxonomy":"post_tag","embeddable":true,"href":"https:\/\/www.dahora.cz\/de\/wp-json\/wp\/v2\/tags?post=997852"}],"curies":[{"name":"wp","href":"https:\/\/api.w.org\/{rel}","templated":true}]}}