{"id":989578,"date":"2022-08-01T10:59:27","date_gmt":"2022-08-01T08:59:27","guid":{"rendered":"https:\/\/www.dahora.cz\/?p=989578"},"modified":"2026-02-18T09:30:58","modified_gmt":"2026-02-18T08:30:58","slug":"pulka-prazdnin-utekla-jako-voda","status":"publish","type":"post","link":"https:\/\/www.dahora.cz\/ru\/2022\/08\/01\/pulka-prazdnin-utekla-jako-voda\/","title":{"rendered":"\u041f\u043e\u043b\u043e\u0432\u0438\u043d\u0430 \u043f\u0440\u0430\u0437\u0434\u043d\u0438\u043a\u043e\u0432 \u043f\u0440\u043e\u0448\u043b\u0430 \u043a\u0430\u043a \u0432\u043e\u0434\u0430..."},"content":{"rendered":"<div data-elementor-type=\"wp-post\" data-elementor-id=\"989578\" class=\"elementor elementor-989578\" data-elementor-post-type=\"post\">\n\t\t\t\t\t\t<section class=\"elementor-section elementor-top-section elementor-element elementor-element-a814a90 elementor-section-boxed elementor-section-height-default elementor-section-height-default\" data-id=\"a814a90\" data-element_type=\"section\" data-e-type=\"section\">\n\t\t\t\t\t\t<div class=\"elementor-container elementor-column-gap-default\">\n\t\t\t\t\t<div class=\"elementor-column elementor-col-100 elementor-top-column elementor-element elementor-element-d567a62\" data-id=\"d567a62\" data-element_type=\"column\" data-e-type=\"column\">\n\t\t\t<div class=\"elementor-widget-wrap elementor-element-populated\">\n\t\t\t\t\t\t<div class=\"elementor-element elementor-element-c403a17 elementor-widget elementor-widget-text-editor\" data-id=\"c403a17\" data-element_type=\"widget\" data-e-type=\"widget\" data-widget_type=\"text-editor.default\">\n\t\t\t\t<div class=\"elementor-widget-container\">\n\t\t\t\t\t\t\t\t\t<p>&#8230;\u00a0a do za\u010d\u00e1tku \u0161koln\u00edho roku na\u0161im prvn\u00edm student\u016fm zb\u00fdv\u00e1 pouh\u00fd jeden m\u011bs\u00edc. Ji\u017e 1. z\u00e1\u0159\u00ed usedne do sv\u00fdch lavic historicky prvn\u00ed ro\u010dn\u00edk student\u016f maturitn\u00edho oboru Information Services in Business na nov\u00e9 st\u0159edn\u00ed \u0161kole Digital Academy v Kutn\u00e9 Ho\u0159e &#8211; Mal\u00edn\u011b. B\u011bhem m\u011bs\u00edce srpna V\u00e1m zde p\u0159ineseme detailn\u00ed informace o tom, co v\u0161e bude v na\u0161\u00ed \u0161kole nov\u00e9 studenty \u010dekat a na co se budou moct t\u011b\u0161it.\u00a0 \u00a0<\/p><p>\u00a0<\/p>\t\t\t\t\t\t\t\t<\/div>\n\t\t\t\t<\/div>\n\t\t\t\t<div class=\"elementor-element elementor-element-d3e4912 elementor-widget elementor-widget-image\" data-id=\"d3e4912\" data-element_type=\"widget\" data-e-type=\"widget\" data-widget_type=\"image.default\">\n\t\t\t\t<div class=\"elementor-widget-container\">\n\t\t\t\t\t\t\t\t\t<div class=\"elementor-image\">\n\t\t\t\t\t\t\t\t\t\t\t\t\t\t\t\t\t\t\t\t\t<img fetchpriority=\"high\" decoding=\"async\" width=\"1024\" height=\"683\" src=\"https:\/\/www.dahora.cz\/wp-content\/uploads\/2022\/08\/06-polovina-prazdnin-je-za-nami-1024x683.jpg\" class=\"attachment-large size-large wp-image-989580\" alt=\"\" srcset=\"https:\/\/www.dahora.cz\/wp-content\/uploads\/2022\/08\/06-polovina-prazdnin-je-za-nami-1024x683.jpg 1024w, https:\/\/www.dahora.cz\/wp-content\/uploads\/2022\/08\/06-polovina-prazdnin-je-za-nami-300x200.jpg 300w, https:\/\/www.dahora.cz\/wp-content\/uploads\/2022\/08\/06-polovina-prazdnin-je-za-nami-768x512.jpg 768w, https:\/\/www.dahora.cz\/wp-content\/uploads\/2022\/08\/06-polovina-prazdnin-je-za-nami-1536x1024.jpg 1536w, https:\/\/www.dahora.cz\/wp-content\/uploads\/2022\/08\/06-polovina-prazdnin-je-za-nami-18x12.jpg 18w, https:\/\/www.dahora.cz\/wp-content\/uploads\/2022\/08\/06-polovina-prazdnin-je-za-nami.jpg 1620w\" sizes=\"(max-width: 1024px) 100vw, 1024px\" \/>\t\t\t\t\t\t\t\t\t\t\t\t\t\t\t\t\t\t\t\t\t\t\t\t<\/div>\n\t\t\t\t\t\t\t\t<\/div>\n\t\t\t\t<\/div>\n\t\t\t\t\t<\/div>\n\t\t<\/div>\n\t\t\t\t\t<\/div>\n\t\t<\/section>\n\t\t\t\t<\/div>","protected":false},"excerpt":{"rendered":"<p>&#8230;\u00a0a do za\u010d\u00e1tku \u0161koln\u00edho roku na\u0161im prvn\u00edm student\u016fm zb\u00fdv\u00e1 pouh\u00fd jeden m\u011bs\u00edc. Ji\u017e 1. z\u00e1\u0159\u00ed usedne do sv\u00fdch lavic historicky prvn\u00ed ro\u010dn\u00edk student\u016f maturitn\u00edho oboru Information Services in Business na nov\u00e9 st\u0159edn\u00ed \u0161kole Digital Academy v Kutn\u00e9 Ho\u0159e &#8211; Mal\u00edn\u011b. B\u011bhem m\u011bs\u00edce srpna V\u00e1m zde p\u0159ineseme detailn\u00ed informace o tom, co v\u0161e bude v na\u0161\u00ed&#8230;<\/p>","protected":false},"author":4,"featured_media":989580,"comment_status":"open","ping_status":"open","sticky":false,"template":"","format":"standard","meta":{"footnotes":""},"categories":[1],"tags":[],"class_list":["post-989578","post","type-post","status-publish","format-standard","has-post-thumbnail","hentry","category-nezarazene"],"aioseo_notices":[],"_links":{"self":[{"href":"https:\/\/www.dahora.cz\/ru\/wp-json\/wp\/v2\/posts\/989578","targetHints":{"allow":["GET"]}}],"collection":[{"href":"https:\/\/www.dahora.cz\/ru\/wp-json\/wp\/v2\/posts"}],"about":[{"href":"https:\/\/www.dahora.cz\/ru\/wp-json\/wp\/v2\/types\/post"}],"author":[{"embeddable":true,"href":"https:\/\/www.dahora.cz\/ru\/wp-json\/wp\/v2\/users\/4"}],"replies":[{"embeddable":true,"href":"https:\/\/www.dahora.cz\/ru\/wp-json\/wp\/v2\/comments?post=989578"}],"version-history":[{"count":0,"href":"https:\/\/www.dahora.cz\/ru\/wp-json\/wp\/v2\/posts\/989578\/revisions"}],"wp:featuredmedia":[{"embeddable":true,"href":"https:\/\/www.dahora.cz\/ru\/wp-json\/wp\/v2\/media\/989580"}],"wp:attachment":[{"href":"https:\/\/www.dahora.cz\/ru\/wp-json\/wp\/v2\/media?parent=989578"}],"wp:term":[{"taxonomy":"category","embeddable":true,"href":"https:\/\/www.dahora.cz\/ru\/wp-json\/wp\/v2\/categories?post=989578"},{"taxonomy":"post_tag","embeddable":true,"href":"https:\/\/www.dahora.cz\/ru\/wp-json\/wp\/v2\/tags?post=989578"}],"curies":[{"name":"wp","href":"https:\/\/api.w.org\/{rel}","templated":true}]}}